{"id":6604,"date":"2024-07-12T11:28:04","date_gmt":"2024-07-12T14:28:04","guid":{"rendered":"https:\/\/fmtinkunaco.ar\/?p=6604"},"modified":"2024-07-12T11:29:52","modified_gmt":"2024-07-12T14:29:52","slug":"19-fiesta-de-las-vacas-en-la-ungs","status":"publish","type":"post","link":"https:\/\/fmtinkunaco.ar\/?p=6604","title":{"rendered":"19\u00b0 Fiesta de las Vacas en el Centro Cultural UNGS"},"content":{"rendered":"\n<p>Del 15 al 25 de Julio, en el Centro Cultural UNGS se va a estar llevando a cabo una nueva edici\u00f3n de la Fiesta de las Vacas de 14:00 a 17:00hs. La direcci\u00f3n del Centro es Julio A. Roca 812 (San Miguel), sin embargo los d\u00edas jueves se va a llevar las actividades a diferentes Centros Comunitarios.<\/p>\n\n\n\n<p>Gast\u00f3n Guerra, referente del Centro Cultural, mencionaba \u201c<em>Reforzamos las ganas de encontrarnos con la comunidad con los ni\u00f1os y las ni\u00f1as, y que tengan una alternativa distinta para disfrutar las vacaciones. Es el momento donde uno se vuelve a encontrar con el juego, con el ocio, de disfrute y descubrimientos\u201d.<\/em><\/p>\n\n\n\n<p>Por otro lado, Guerra tambi\u00e9n comentaba \u201c<em>La caracter\u00edstica principal es la multiplicidad de lo que uno puede venir a hacer en el centro cultural\u201d, <\/em>refiri\u00e9ndose al largo cat\u00e1logo de actividades que ofrecen.<\/p>\n\n\n\n<p>El festival contar\u00e1 con Talleres de ciencia, de tintas vivas, de m\u00e1scaras, de manga, de danzas y juegos. Tambi\u00e9n con un rinc\u00f3n de lectura, taller de instrumentos y propuestas teatrales como t\u00edteres, circos y musicales.<\/p>\n\n\n\n<p>Gast\u00f3n Guerra, tambi\u00e9n a\u00f1ade que contaran con actividades gratuitas, pero las funciones teatrales con un bono a contribuci\u00f3n y vacantes limitadas.<\/p>\n\n\n\n<p>En continuaci\u00f3n, Guerra explica \u201c<em>Las actividades son gratuitas y despu\u00e9s hay un bono a contribuci\u00f3n voluntario para entrar al espect\u00e1culo, que es la \u00fanica forma que conseguimos este a\u00f1o para financiar a los artistas. Que merecen un cobro digno para sus trabajos, dado la Universidad esta desfinanciada (\u2026) Tienen que saber la situaci\u00f3n que estamos atravesando las universidades, que estamos en emergencia presupuestaria todav\u00eda y sobre todo los trabajadores docentes y no docentes, como otros del pa\u00eds est\u00e1n siendo vulnerados sus derechos. En ese contexto y todo, le ponemos toda la pila y energ\u00eda para defender un espacio p\u00fablico que queremos y amamos\u201d.<\/em><\/p>\n\n\n\n<p>Por ultimo vale mencionar que no hay que sacar anticipadas o reservar lugar, sino que la boleter\u00eda estar\u00e1 abierta para las entradas de los espect\u00e1culos.<\/p>\n\n\n\n<p>Entrevista completa en el Noticiero<\/p>\n\n\n<p><iframe loading=\"lazy\" src=\"https:\/\/archive.org\/embed\/entrevista-gaston-guerra-12-7-24\" width=\"500\" height=\"60\" frameborder=\"0\" webkitallowfullscreen=\"true\" mozallowfullscreen=\"true\" allowfullscreen><\/iframe><\/p>\n\n\n<p><a href=\"https:\/\/archive.org\/details\/entrevista-gaston-guerra-12-7-24\" data-type=\"link\" data-id=\"https:\/\/archive.org\/details\/entrevista-gaston-guerra-12-7-24\">Descargar<\/a><\/p>\n","protected":false},"excerpt":{"rendered":"<p>Del 15 al 25 de Julio, en el Centro Cultural UNGS se va a estar llevando a cabo una nueva edici\u00f3n de la Fiesta de las Vacas de 14:00 a 17:00hs. La direcci\u00f3n del Centro es Julio A. Roca 812 (San Miguel), sin embargo los d\u00edas jueves se va a llevar las actividades a diferentes [&hellip;]<\/p>\n","protected":false},"author":1,"featured_media":6605,"comment_status":"open","ping_status":"open","sticky":false,"template":"","format":"standard","meta":{"footnotes":""},"categories":[3],"tags":[],"class_list":["post-6604","post","type-post","status-publish","format-standard","has-post-thumbnail","hentry","category-cultura"],"_links":{"self":[{"href":"https:\/\/fmtinkunaco.ar\/index.php?rest_route=\/wp\/v2\/posts\/6604","targetHints":{"allow":["GET"]}}],"collection":[{"href":"https:\/\/fmtinkunaco.ar\/index.php?rest_route=\/wp\/v2\/posts"}],"about":[{"href":"https:\/\/fmtinkunaco.ar\/index.php?rest_route=\/wp\/v2\/types\/post"}],"author":[{"embeddable":true,"href":"https:\/\/fmtinkunaco.ar\/index.php?rest_route=\/wp\/v2\/users\/1"}],"replies":[{"embeddable":true,"href":"https:\/\/fmtinkunaco.ar\/index.php?rest_route=%2Fwp%2Fv2%2Fcomments&post=6604"}],"version-history":[{"count":2,"href":"https:\/\/fmtinkunaco.ar\/index.php?rest_route=\/wp\/v2\/posts\/6604\/revisions"}],"predecessor-version":[{"id":6607,"href":"https:\/\/fmtinkunaco.ar\/index.php?rest_route=\/wp\/v2\/posts\/6604\/revisions\/6607"}],"wp:featuredmedia":[{"embeddable":true,"href":"https:\/\/fmtinkunaco.ar\/index.php?rest_route=\/wp\/v2\/media\/6605"}],"wp:attachment":[{"href":"https:\/\/fmtinkunaco.ar\/index.php?rest_route=%2Fwp%2Fv2%2Fmedia&parent=6604"}],"wp:term":[{"taxonomy":"category","embeddable":true,"href":"https:\/\/fmtinkunaco.ar\/index.php?rest_route=%2Fwp%2Fv2%2Fcategories&post=6604"},{"taxonomy":"post_tag","embeddable":true,"href":"https:\/\/fmtinkunaco.ar\/index.php?rest_route=%2Fwp%2Fv2%2Ftags&post=6604"}],"curies":[{"name":"wp","href":"https:\/\/api.w.org\/{rel}","templated":true}]}}