{"id":6609,"date":"2024-07-15T11:49:44","date_gmt":"2024-07-15T14:49:44","guid":{"rendered":"https:\/\/fmtinkunaco.ar\/?p=6609"},"modified":"2024-07-15T11:49:44","modified_gmt":"2024-07-15T14:49:44","slug":"espacio-mansion-sere-reconocer-recuperar-y-visibilizar-luchas","status":"publish","type":"post","link":"https:\/\/fmtinkunaco.ar\/?p=6609","title":{"rendered":"Espacio Mansi\u00f3n Ser\u00e9: Reconocer, Recuperar y Visibilizar luchas"},"content":{"rendered":"\n<p>Desde hace 24 a\u00f1os este espacio contin\u00faa abierto a la comunidad como Primer Espacio en Latinoam\u00e9rica dedicado a recuperar y ejercitar la memoria colectiva.<\/p>\n\n\n\n<p>Comenzando como Centro Clandestino de Detenci\u00f3n operado por la Fuerza A\u00e9rea, en la actualidad en el predio Ser\u00e9 conviven la direcciones de Derechos Humanos y la Direcci\u00f3n de Deportes y Recreaci\u00f3n, la Casa de la Memoria y la Vida, el Espacio Mansi\u00f3n Ser\u00e9, el polideportivo Gorki Grana y el Espacio por la Memoria de Pueblos Originarios (EMPO).<\/p>\n\n\n\n<p>El \u00e1rea pedag\u00f3gica de la Direcci\u00f3n realiza recorridas guiadas por el EMS, talleres de construcci\u00f3n de memoria y de promoci\u00f3n de los DDHH para escuelas. En una entrevista con Carola Noriega, integrante del \u00c1rea Pedag\u00f3gica, ella menciona <em>\u201cuna vez recuperada la democracia Mansi\u00f3n Ser\u00e9 formo parte del listado originario del juicio a las juntas, en ese momento se hab\u00edan identificado 300 centros, hoy en la actualidad hay relevados 814 centros clandestinos a lo largo y ancho del pa\u00eds\u201d.<\/em><\/p>\n\n\n\n<p>En medio de un contexto pol\u00edtico que &nbsp;desmantela pol\u00edticas p\u00fablicas claves para el proceso de Memoria, Verdad y Justicia, resulta importante, en palabras de Noriega, <em>\u201creconocer, recuperar y visibilizar luchas, identidades, colectivos\u201d.<\/em><\/p>\n\n\n\n<p>Tanto la Casa de la Memoria y la Vida como Espacio Mansi\u00f3n Ser\u00e9 est\u00e1n abiertos todo el a\u00f1o, de lunes a viernes de 8:00 a 17:00 en el Predio Quinta Ser\u00e9, Santa Mar\u00eda de Oro 3550 (Castelar).<\/p>\n\n\n\n<p>Por \u00faltimo, y retomando el trabajo junto a instituciones de talleres participativos y recorridas guiadas, Carola Noriega concluye que \u201cc<em>uando vamos a los territorios tiene que ver con esto, capacitar en construcci\u00f3n de Memoria, que es indefectiblemente ejercicio de ciudadan\u00eda, si nos conoces tus derechos no los podes ni reclamar ni defender\u201d.<\/em><\/p>\n\n\n<div class=\"wp-block-image\">\n<figure class=\"aligncenter size-large is-resized\"><img loading=\"lazy\" decoding=\"async\" width=\"1024\" height=\"683\" src=\"https:\/\/fmtinkunaco.ar\/wp-content\/uploads\/2024\/07\/449855034_507466441852781_3161262334711501308_n-1024x683.jpg\" alt=\"\" class=\"wp-image-6611\" style=\"aspect-ratio:1.499267935578331;width:506px;height:auto\" srcset=\"https:\/\/fmtinkunaco.ar\/wp-content\/uploads\/2024\/07\/449855034_507466441852781_3161262334711501308_n-1024x683.jpg 1024w, https:\/\/fmtinkunaco.ar\/wp-content\/uploads\/2024\/07\/449855034_507466441852781_3161262334711501308_n-300x200.jpg 300w, https:\/\/fmtinkunaco.ar\/wp-content\/uploads\/2024\/07\/449855034_507466441852781_3161262334711501308_n-768x512.jpg 768w, https:\/\/fmtinkunaco.ar\/wp-content\/uploads\/2024\/07\/449855034_507466441852781_3161262334711501308_n.jpg 1080w\" sizes=\"auto, (max-width: 1024px) 100vw, 1024px\" \/><\/figure>\n<\/div>\n\n\n<p>Entrevista completa<\/p>\n\n\n<p><iframe loading=\"lazy\" src=\"https:\/\/archive.org\/embed\/entrevista-carola-noriega-15-07-24\" width=\"500\" height=\"60\" frameborder=\"0\" webkitallowfullscreen=\"true\" mozallowfullscreen=\"true\" allowfullscreen><\/iframe><\/p>\n\n\n<p><a href=\"https:\/\/archive.org\/details\/entrevista-carola-noriega-15-07-24\" data-type=\"link\" data-id=\"https:\/\/archive.org\/details\/entrevista-carola-noriega-15-07-24\">Descargar\u00a0<\/a>\u00a0\u00a0\u00a0\u00a0\u00a0\u00a0\u00a0\u00a0\u00a0\u00a0\u00a0\u00a0\u00a0\u00a0\u00a0\u00a0<\/p>\n","protected":false},"excerpt":{"rendered":"<p>Desde hace 24 a\u00f1os este espacio contin\u00faa abierto a la comunidad como Primer Espacio en Latinoam\u00e9rica dedicado a recuperar y ejercitar la memoria colectiva. Comenzando como Centro Clandestino de Detenci\u00f3n operado por la Fuerza A\u00e9rea, en la actualidad en el predio Ser\u00e9 conviven la direcciones de Derechos Humanos y la Direcci\u00f3n de Deportes y Recreaci\u00f3n, [&hellip;]<\/p>\n","protected":false},"author":1,"featured_media":6610,"comment_status":"open","ping_status":"open","sticky":false,"template":"","format":"standard","meta":{"footnotes":""},"categories":[3,4],"tags":[],"class_list":["post-6609","post","type-post","status-publish","format-standard","has-post-thumbnail","hentry","category-cultura","category-derechos-humanos"],"_links":{"self":[{"href":"https:\/\/fmtinkunaco.ar\/index.php?rest_route=\/wp\/v2\/posts\/6609","targetHints":{"allow":["GET"]}}],"collection":[{"href":"https:\/\/fmtinkunaco.ar\/index.php?rest_route=\/wp\/v2\/posts"}],"about":[{"href":"https:\/\/fmtinkunaco.ar\/index.php?rest_route=\/wp\/v2\/types\/post"}],"author":[{"embeddable":true,"href":"https:\/\/fmtinkunaco.ar\/index.php?rest_route=\/wp\/v2\/users\/1"}],"replies":[{"embeddable":true,"href":"https:\/\/fmtinkunaco.ar\/index.php?rest_route=%2Fwp%2Fv2%2Fcomments&post=6609"}],"version-history":[{"count":1,"href":"https:\/\/fmtinkunaco.ar\/index.php?rest_route=\/wp\/v2\/posts\/6609\/revisions"}],"predecessor-version":[{"id":6612,"href":"https:\/\/fmtinkunaco.ar\/index.php?rest_route=\/wp\/v2\/posts\/6609\/revisions\/6612"}],"wp:featuredmedia":[{"embeddable":true,"href":"https:\/\/fmtinkunaco.ar\/index.php?rest_route=\/wp\/v2\/media\/6610"}],"wp:attachment":[{"href":"https:\/\/fmtinkunaco.ar\/index.php?rest_route=%2Fwp%2Fv2%2Fmedia&parent=6609"}],"wp:term":[{"taxonomy":"category","embeddable":true,"href":"https:\/\/fmtinkunaco.ar\/index.php?rest_route=%2Fwp%2Fv2%2Fcategories&post=6609"},{"taxonomy":"post_tag","embeddable":true,"href":"https:\/\/fmtinkunaco.ar\/index.php?rest_route=%2Fwp%2Fv2%2Ftags&post=6609"}],"curies":[{"name":"wp","href":"https:\/\/api.w.org\/{rel}","templated":true}]}}