{"id":6622,"date":"2024-07-17T13:41:38","date_gmt":"2024-07-17T16:41:38","guid":{"rendered":"https:\/\/fmtinkunaco.ar\/?p=6622"},"modified":"2024-07-17T13:41:38","modified_gmt":"2024-07-17T16:41:38","slug":"feria-la-red-cumelenera-en-encuentro-cumelen","status":"publish","type":"post","link":"https:\/\/fmtinkunaco.ar\/?p=6622","title":{"rendered":"Feria la Red Cumelenera en Encuentro Cumel\u00e9n"},"content":{"rendered":"\n<p>El Espacio Encuentro Cumel\u00e9n invita a la Feria que se desarrollar\u00e1 el s\u00e1bado 20 de julio, a partir de 13 a 17hs.<br><br>Any Tolosa, es integrante de Encuentro Cumel\u00e9n, y cont\u00f3 sobre la feria <em>\u201cEsta feria del 20 se viene re linda la verdad, es la cuarta edici\u00f3n, cada edici\u00f3n est\u00e1 cada vez m\u00e1s linda, cada vez llega m\u00e1s gente. (\u2026) Pensamos que tambi\u00e9n para el espacio viene bien, para el barrio, un encuentro m\u00e1s con la perspectiva de cuidado a la Pachamama, de poder tambi\u00e9n acercar a la comunidad productos agroecol\u00f3gicos\u201d.<\/em><\/p>\n\n\n\n<p>Adem\u00e1s, Tolosa, describi\u00f3 todo lo que habr\u00e1 en la feria <em>\u201cArrancamos haciendo la bajada de bolsones de verduras agroecol\u00f3gicas y en el marco de esa b\u00fasqueda de los bolsones, armamos feria artesana, este s\u00e1bado va a haber un taller de la mano de Ely Bravo que es de R de rechazo al pl\u00e1stico. Y aparte tambi\u00e9n productos de almac\u00e9n agroecol\u00f3gicos, de cooperativa, viene por ah\u00ed la Red\u201d.<\/em><br><br>La invitaci\u00f3n es el s\u00e1bado 20 de julio a partir de las 13hs, en Uriburu 5032 en Adolfo Sourdeaux, Malvinas Argentinas y la pr\u00f3xima invitaci\u00f3n ser\u00e1 el 3 de agosto.<br><br>Compartimos la entrevista completa<\/p>\n\n\n\n<p><a href=\"https:\/\/archive.org\/details\/audio-analia-tolosa-cumelen-17-07\">Descargar<\/a><\/p>\n\n\n<p><iframe loading=\"lazy\" src=\"https:\/\/archive.org\/embed\/audio-analia-tolosa-cumelen-17-07\" width=\"500\" height=\"60\" frameborder=\"0\" webkitallowfullscreen=\"true\" mozallowfullscreen=\"true\" allowfullscreen><\/iframe><\/p>","protected":false},"excerpt":{"rendered":"<p>El Espacio Encuentro Cumel\u00e9n invita a la Feria que se desarrollar\u00e1 el s\u00e1bado 20 de julio, a partir de 13 a 17hs. Any Tolosa, es integrante de Encuentro Cumel\u00e9n, y cont\u00f3 sobre la feria \u201cEsta feria del 20 se viene re linda la verdad, es la cuarta edici\u00f3n, cada edici\u00f3n est\u00e1 cada vez m\u00e1s linda, [&hellip;]<\/p>\n","protected":false},"author":1,"featured_media":6623,"comment_status":"open","ping_status":"open","sticky":false,"template":"","format":"standard","meta":{"footnotes":""},"categories":[3],"tags":[],"class_list":["post-6622","post","type-post","status-publish","format-standard","has-post-thumbnail","hentry","category-cultura"],"_links":{"self":[{"href":"https:\/\/fmtinkunaco.ar\/index.php?rest_route=\/wp\/v2\/posts\/6622","targetHints":{"allow":["GET"]}}],"collection":[{"href":"https:\/\/fmtinkunaco.ar\/index.php?rest_route=\/wp\/v2\/posts"}],"about":[{"href":"https:\/\/fmtinkunaco.ar\/index.php?rest_route=\/wp\/v2\/types\/post"}],"author":[{"embeddable":true,"href":"https:\/\/fmtinkunaco.ar\/index.php?rest_route=\/wp\/v2\/users\/1"}],"replies":[{"embeddable":true,"href":"https:\/\/fmtinkunaco.ar\/index.php?rest_route=%2Fwp%2Fv2%2Fcomments&post=6622"}],"version-history":[{"count":1,"href":"https:\/\/fmtinkunaco.ar\/index.php?rest_route=\/wp\/v2\/posts\/6622\/revisions"}],"predecessor-version":[{"id":6624,"href":"https:\/\/fmtinkunaco.ar\/index.php?rest_route=\/wp\/v2\/posts\/6622\/revisions\/6624"}],"wp:featuredmedia":[{"embeddable":true,"href":"https:\/\/fmtinkunaco.ar\/index.php?rest_route=\/wp\/v2\/media\/6623"}],"wp:attachment":[{"href":"https:\/\/fmtinkunaco.ar\/index.php?rest_route=%2Fwp%2Fv2%2Fmedia&parent=6622"}],"wp:term":[{"taxonomy":"category","embeddable":true,"href":"https:\/\/fmtinkunaco.ar\/index.php?rest_route=%2Fwp%2Fv2%2Fcategories&post=6622"},{"taxonomy":"post_tag","embeddable":true,"href":"https:\/\/fmtinkunaco.ar\/index.php?rest_route=%2Fwp%2Fv2%2Ftags&post=6622"}],"curies":[{"name":"wp","href":"https:\/\/api.w.org\/{rel}","templated":true}]}}