{"id":6626,"date":"2024-07-18T11:01:15","date_gmt":"2024-07-18T14:01:15","guid":{"rendered":"https:\/\/fmtinkunaco.ar\/?p=6626"},"modified":"2024-07-18T11:02:47","modified_gmt":"2024-07-18T14:02:47","slug":"escopark-invita-a-participar-de-un-parque-inlusivo","status":"publish","type":"post","link":"https:\/\/fmtinkunaco.ar\/?p=6626","title":{"rendered":"Escopark invita a participar de un Parque Inlusivo"},"content":{"rendered":"\n<p>Con el apoyo del Municipio de Escobar, en estas vacaciones de invierno vuelve a abrir Escopark, un parque con diversas propuestas abierto al p\u00fablico del 12 al 28 de junio, s\u00e1bados y domingos de 10 a 18 hs y de lunes a viernes de 13 a 18 hs.<\/p>\n\n\n\n<p>En esta edici\u00f3n,&nbsp; se volver\u00e1n a realizar dos jornadas de Parque Inclusivo, estas son Jornadas de Juegos Distendidos donde se adaptar\u00e1n los pabellones de actividades infantiles, bajando luces y sonidos, para as\u00ed integrar a toda persona neurodivergente y con preferencia a est\u00edmulos sensoriales reducidos.<\/p>\n\n\n\n<p>Fabi\u00e1n Bustos, Director de Discapacidad del Municipio de Escobar, mencionaba las propuestas del espacio \u201c<em>Inflables gigantes, sector de animales de la granja Don Benito, show para chicos, juegos a\u00e9reos y de aventura, propuestas para todas las edades y un sector de descanso para los padres. Tambi\u00e9n una gran feria medieval de exposici\u00f3n y actividades recreativas, un parque<\/em> <em>gastron\u00f3mico y un puesto de emprendedores locales y artesanos\u201d. <\/em>Tambi\u00e9n comentaba sobre el Parque Inclusivo que \u201c<em>La idea es que la diversi\u00f3n sea accesible para todos y todas\u201d.<\/em><\/p>\n\n\n\n<p>Estas Jornadas se realizar\u00e1n el jueves 18 y 25 de julio de 11:00 a 13:00hs, para ingresar se necesitara un CUD (Certificado \u00danico de Discapacidad) por grupo familiar y un alimento no perecedero a beneficio del programa Escobar Hambre Cero..<\/p>\n\n\n\n<p>El espacio tiene lugar en el Predio Floral, Mateo Gelves 1050 (Bel\u00e9n de Escobar)<\/p>\n\n\n\n<p>Entrevista Completa<\/p>\n\n\n<p><iframe loading=\"lazy\" src=\"https:\/\/archive.org\/embed\/entrevista-fabian-bustos-18-07-24\" width=\"500\" height=\"60\" frameborder=\"0\" webkitallowfullscreen=\"true\" mozallowfullscreen=\"true\" allowfullscreen><\/iframe><\/p>\n\n\n<p><a href=\"https:\/\/archive.org\/details\/entrevista-fabian-bustos-18-07-24\" data-type=\"link\" data-id=\"https:\/\/archive.org\/details\/entrevista-fabian-bustos-18-07-24\">Descargar<\/a><\/p>\n","protected":false},"excerpt":{"rendered":"<p>Con el apoyo del Municipio de Escobar, en estas vacaciones de invierno vuelve a abrir Escopark, un parque con diversas propuestas abierto al p\u00fablico del 12 al 28 de junio, s\u00e1bados y domingos de 10 a 18 hs y de lunes a viernes de 13 a 18 hs. En esta edici\u00f3n,&nbsp; se volver\u00e1n a realizar [&hellip;]<\/p>\n","protected":false},"author":1,"featured_media":6627,"comment_status":"open","ping_status":"open","sticky":false,"template":"","format":"standard","meta":{"footnotes":""},"categories":[1],"tags":[],"class_list":["post-6626","post","type-post","status-publish","format-standard","has-post-thumbnail","hentry","category-blog"],"_links":{"self":[{"href":"https:\/\/fmtinkunaco.ar\/index.php?rest_route=\/wp\/v2\/posts\/6626","targetHints":{"allow":["GET"]}}],"collection":[{"href":"https:\/\/fmtinkunaco.ar\/index.php?rest_route=\/wp\/v2\/posts"}],"about":[{"href":"https:\/\/fmtinkunaco.ar\/index.php?rest_route=\/wp\/v2\/types\/post"}],"author":[{"embeddable":true,"href":"https:\/\/fmtinkunaco.ar\/index.php?rest_route=\/wp\/v2\/users\/1"}],"replies":[{"embeddable":true,"href":"https:\/\/fmtinkunaco.ar\/index.php?rest_route=%2Fwp%2Fv2%2Fcomments&post=6626"}],"version-history":[{"count":2,"href":"https:\/\/fmtinkunaco.ar\/index.php?rest_route=\/wp\/v2\/posts\/6626\/revisions"}],"predecessor-version":[{"id":6630,"href":"https:\/\/fmtinkunaco.ar\/index.php?rest_route=\/wp\/v2\/posts\/6626\/revisions\/6630"}],"wp:featuredmedia":[{"embeddable":true,"href":"https:\/\/fmtinkunaco.ar\/index.php?rest_route=\/wp\/v2\/media\/6627"}],"wp:attachment":[{"href":"https:\/\/fmtinkunaco.ar\/index.php?rest_route=%2Fwp%2Fv2%2Fmedia&parent=6626"}],"wp:term":[{"taxonomy":"category","embeddable":true,"href":"https:\/\/fmtinkunaco.ar\/index.php?rest_route=%2Fwp%2Fv2%2Fcategories&post=6626"},{"taxonomy":"post_tag","embeddable":true,"href":"https:\/\/fmtinkunaco.ar\/index.php?rest_route=%2Fwp%2Fv2%2Ftags&post=6626"}],"curies":[{"name":"wp","href":"https:\/\/api.w.org\/{rel}","templated":true}]}}