{"id":6635,"date":"2024-07-29T11:51:04","date_gmt":"2024-07-29T14:51:04","guid":{"rendered":"https:\/\/fmtinkunaco.ar\/?p=6635"},"modified":"2024-07-30T10:15:56","modified_gmt":"2024-07-30T13:15:56","slug":"nueva-marcha-exigiendo-justicia-por-el-travesticidio-de-sofia-fernandez","status":"publish","type":"post","link":"https:\/\/fmtinkunaco.ar\/?p=6635","title":{"rendered":"Nueva Marcha exigiendo justicia por el travesticidio de Sof\u00eda Fernandez"},"content":{"rendered":"\n<p>El d\u00eda martes 20\/07 se estar\u00e1 llevando a cabo una nueva movilizaci\u00f3n por familiares, amigos y organizaciones sociales que luchan y reclaman justicia ante el crimen de odio por identidad de g\u00e9nero.<\/p>\n\n\n\n<p>Hace 15 meses, se encontraba &nbsp;en el calabozo de la Comisar\u00eda Pilar el cuerpo de Sof\u00eda, una mujer trans detenida bajo causas poco aclarada. La autopsia demostr\u00f3 que en realidad la muerte se produjo por asfixia y hubo 10 polic\u00edas imputados.<\/p>\n\n\n\n<p>Sin embargo, hubo modificaciones judiciales muy graves. Luego de desestimar el caso como un travesticidio, el Juez Saetone decidi\u00f3 liberar 9 de los 10 polic\u00edas detenidos coautores y c\u00f3mplices del hecho.<\/p>\n\n\n\n<p>Adem\u00e1s tambi\u00e9n se suman nuevas denuncias por parte de la familia de la v\u00edctima por hostigamiento policial. Mabel Valdez, hermana de Sof\u00eda, reclamaba \u201c<em>Medidas de seguridad tanto para m\u00ed como mi familia, a lo cual se denigro ya que dice que no hay hostigamiento por parte de la polic\u00eda. Tambi\u00e9n denunciamos un escrache por Facebook por una p\u00e1gina de polic\u00edas donde nos insultan, tanto a mi como a mi familia, la memoria de Sofi, eso no lo vamos a permitir\u201d.<\/em><\/p>\n\n\n\n<p>La movilizaci\u00f3n se concentrara en Ruta 8 y Magnolias a las 15hs, camino a la Comisar\u00eda 5\u00b0 de Derqui, lugar donde ocurri\u00f3 el crimen. &nbsp;<\/p>\n\n\n\n<p>Entrevista completa<\/p>\n\n\n<p><iframe loading=\"lazy\" src=\"https:\/\/archive.org\/embed\/entrevista-mable-valdez-caso-sofia-29-07-24\" width=\"500\" height=\"60\" frameborder=\"0\" webkitallowfullscreen=\"true\" mozallowfullscreen=\"true\" allowfullscreen><\/iframe><\/p>\n\n\n<p><a href=\"https:\/\/archive.org\/details\/entrevista-mable-valdez-caso-sofia-29-07-24\" data-type=\"link\" data-id=\"https:\/\/archive.org\/details\/entrevista-mable-valdez-caso-sofia-29-07-24\">Descargar<\/a><\/p>\n","protected":false},"excerpt":{"rendered":"<p>El d\u00eda martes 20\/07 se estar\u00e1 llevando a cabo una nueva movilizaci\u00f3n por familiares, amigos y organizaciones sociales que luchan y reclaman justicia ante el crimen de odio por identidad de g\u00e9nero. Hace 15 meses, se encontraba &nbsp;en el calabozo de la Comisar\u00eda Pilar el cuerpo de Sof\u00eda, una mujer trans detenida bajo causas poco [&hellip;]<\/p>\n","protected":false},"author":1,"featured_media":6639,"comment_status":"open","ping_status":"open","sticky":false,"template":"","format":"standard","meta":{"footnotes":""},"categories":[1],"tags":[],"class_list":["post-6635","post","type-post","status-publish","format-standard","has-post-thumbnail","hentry","category-blog"],"_links":{"self":[{"href":"https:\/\/fmtinkunaco.ar\/index.php?rest_route=\/wp\/v2\/posts\/6635","targetHints":{"allow":["GET"]}}],"collection":[{"href":"https:\/\/fmtinkunaco.ar\/index.php?rest_route=\/wp\/v2\/posts"}],"about":[{"href":"https:\/\/fmtinkunaco.ar\/index.php?rest_route=\/wp\/v2\/types\/post"}],"author":[{"embeddable":true,"href":"https:\/\/fmtinkunaco.ar\/index.php?rest_route=\/wp\/v2\/users\/1"}],"replies":[{"embeddable":true,"href":"https:\/\/fmtinkunaco.ar\/index.php?rest_route=%2Fwp%2Fv2%2Fcomments&post=6635"}],"version-history":[{"count":1,"href":"https:\/\/fmtinkunaco.ar\/index.php?rest_route=\/wp\/v2\/posts\/6635\/revisions"}],"predecessor-version":[{"id":6637,"href":"https:\/\/fmtinkunaco.ar\/index.php?rest_route=\/wp\/v2\/posts\/6635\/revisions\/6637"}],"wp:featuredmedia":[{"embeddable":true,"href":"https:\/\/fmtinkunaco.ar\/index.php?rest_route=\/wp\/v2\/media\/6639"}],"wp:attachment":[{"href":"https:\/\/fmtinkunaco.ar\/index.php?rest_route=%2Fwp%2Fv2%2Fmedia&parent=6635"}],"wp:term":[{"taxonomy":"category","embeddable":true,"href":"https:\/\/fmtinkunaco.ar\/index.php?rest_route=%2Fwp%2Fv2%2Fcategories&post=6635"},{"taxonomy":"post_tag","embeddable":true,"href":"https:\/\/fmtinkunaco.ar\/index.php?rest_route=%2Fwp%2Fv2%2Ftags&post=6635"}],"curies":[{"name":"wp","href":"https:\/\/api.w.org\/{rel}","templated":true}]}}