{"id":6647,"date":"2024-08-02T08:42:56","date_gmt":"2024-08-02T11:42:56","guid":{"rendered":"https:\/\/fmtinkunaco.ar\/?p=6647"},"modified":"2024-08-02T08:43:16","modified_gmt":"2024-08-02T11:43:16","slug":"morenazo-a-6-anos-del-crimen-de-sandra-y-ruben","status":"publish","type":"post","link":"https:\/\/fmtinkunaco.ar\/?p=6647","title":{"rendered":"Morenazo: se cumplen 6 a\u00f1os del crimen de Sandra y Rub\u00e9n"},"content":{"rendered":"\n<p>Este viernes 02 de agosto se organizar\u00e1 una marcha en la localidad de Moreno en contra de las pol\u00edticas de desguace que lleva adelante el Gobierno actual y en memoria de Sandra Calamano y Rub\u00e9n Rodr\u00edguez, v\u00edctimas de una explosi\u00f3n de gas en la Escuela 49\u00b0.<\/p>\n\n\n\n<p>Este suceso tuvo lugar el 2 de agosto de 2018 y se llev\u00f3 consigo la vida de Rub\u00e9n Rodr\u00edguez, auxiliar de la escuela, y de Sandra Calamano, vicedirectora de la misma. Es as\u00ed como, la muerte de Sandra y Rub\u00e9n, sigue visibilizando las consecuencias de infraestructuras escolares deterioradas y la irresponsabilidad estatal frente a estas.<\/p>\n\n\n\n<p>Hern\u00e1n Pustilnik, docente de la Escuela 49\u00b0 y compa\u00f1ero de Sandra y Rub\u00e9n, comentaba sobre que la movilizaci\u00f3n ser\u00e1 para \u201c<em>Homenajear a Sandra y Rub\u00e9n, recordar que el a\u00f1o pasado pudimos tener el juicio en el cual todos los imputados fueron resultaron culpables y a cada uno se les dio una condena. Pero tambi\u00e9n faltan los responsables pol\u00edticos y que el juicio sea total\u201d.<\/em><\/p>\n\n\n\n<p>Esta marcha convoca a la comunidad de Moreno, no solo al \u00e1rea educativa y recorrer\u00e1 los siguientes puntos:<\/p>\n\n\n\n<ul class=\"wp-block-list\">\n<li>Acto en la Escuela N\u00b0 49 a las 7:30hs<\/li>\n\n\n\n<li>Primer encuentro a en el Complejo \u201cLas Catonas\u201d a las 09:00hs<\/li>\n\n\n\n<li>Segundo encuentro en la Plaza de la Memoria \u201cCarlos Fuentealba\u201d a las 10:00hs<\/li>\n\n\n\n<li>Concentraci\u00f3n en el Consejo Escolar de Moreno a las 11:00hs<\/li>\n<\/ul>\n\n\n\n<p>Entrevista completa en el Noticiero Encuentro con las noticia<\/p>\n\n\n\n<p><a href=\"https:\/\/archive.org\/details\/entrevista-hernana-pustilnik-sandra-y-ruben-01-08-24\" data-type=\"link\" data-id=\"https:\/\/archive.org\/details\/entrevista-hernana-pustilnik-sandra-y-ruben-01-08-24\">Descargar&nbsp;<\/a><\/p>\n","protected":false},"excerpt":{"rendered":"<p>Este viernes 02 de agosto se organizar\u00e1 una marcha en la localidad de Moreno en contra de las pol\u00edticas de desguace que lleva adelante el Gobierno actual y en memoria de Sandra Calamano y Rub\u00e9n Rodr\u00edguez, v\u00edctimas de una explosi\u00f3n de gas en la Escuela 49\u00b0. Este suceso tuvo lugar el 2 de agosto de [&hellip;]<\/p>\n","protected":false},"author":1,"featured_media":6648,"comment_status":"open","ping_status":"open","sticky":false,"template":"","format":"standard","meta":{"footnotes":""},"categories":[5],"tags":[],"class_list":["post-6647","post","type-post","status-publish","format-standard","has-post-thumbnail","hentry","category-educacion"],"_links":{"self":[{"href":"https:\/\/fmtinkunaco.ar\/index.php?rest_route=\/wp\/v2\/posts\/6647","targetHints":{"allow":["GET"]}}],"collection":[{"href":"https:\/\/fmtinkunaco.ar\/index.php?rest_route=\/wp\/v2\/posts"}],"about":[{"href":"https:\/\/fmtinkunaco.ar\/index.php?rest_route=\/wp\/v2\/types\/post"}],"author":[{"embeddable":true,"href":"https:\/\/fmtinkunaco.ar\/index.php?rest_route=\/wp\/v2\/users\/1"}],"replies":[{"embeddable":true,"href":"https:\/\/fmtinkunaco.ar\/index.php?rest_route=%2Fwp%2Fv2%2Fcomments&post=6647"}],"version-history":[{"count":2,"href":"https:\/\/fmtinkunaco.ar\/index.php?rest_route=\/wp\/v2\/posts\/6647\/revisions"}],"predecessor-version":[{"id":6650,"href":"https:\/\/fmtinkunaco.ar\/index.php?rest_route=\/wp\/v2\/posts\/6647\/revisions\/6650"}],"wp:featuredmedia":[{"embeddable":true,"href":"https:\/\/fmtinkunaco.ar\/index.php?rest_route=\/wp\/v2\/media\/6648"}],"wp:attachment":[{"href":"https:\/\/fmtinkunaco.ar\/index.php?rest_route=%2Fwp%2Fv2%2Fmedia&parent=6647"}],"wp:term":[{"taxonomy":"category","embeddable":true,"href":"https:\/\/fmtinkunaco.ar\/index.php?rest_route=%2Fwp%2Fv2%2Fcategories&post=6647"},{"taxonomy":"post_tag","embeddable":true,"href":"https:\/\/fmtinkunaco.ar\/index.php?rest_route=%2Fwp%2Fv2%2Ftags&post=6647"}],"curies":[{"name":"wp","href":"https:\/\/api.w.org\/{rel}","templated":true}]}}