{"id":6654,"date":"2024-08-08T09:35:20","date_gmt":"2024-08-08T12:35:20","guid":{"rendered":"https:\/\/fmtinkunaco.ar\/?p=6654"},"modified":"2024-08-08T09:35:21","modified_gmt":"2024-08-08T12:35:21","slug":"nuevo-pedido-de-sede-para-el-encuentro-regional-de-mujeres-lesbianas-bisexuales-travestis-trans-intersex-y-no-binaries","status":"publish","type":"post","link":"https:\/\/fmtinkunaco.ar\/?p=6654","title":{"rendered":"Nuevo pedido de sede para el Encuentro Regional de Mujeres, Lesbianas, Bisexuales, Travestis, Trans, Intersex y No Binaries"},"content":{"rendered":"\n<p>La comisi\u00f3n organizadora expresa en un comunicado su preocupaci\u00f3n frente a la situaci\u00f3n de la sede de este 26\u00b0 Encuentro Regional de Mujeres, Lesbianas, Bisexuales, Travestis, Trans, Intersex y No Binaries que tendr\u00eda lugar en la Localidad de Pilar.<\/p>\n\n\n\n<p>Dentro del pedido para la sede de este a\u00f1o, la Comisi\u00f3n Organizadora buscaba una sede que se encuentre en la zona c\u00e9ntrica de la localidad, lo cual facilitar\u00eda el acceso y participaci\u00f3n de la comunidad del conurbano oeste y noroeste.<\/p>\n\n\n\n<p>Acerca de esto, Ana Barreto, forma parte de la comisi\u00f3n organizadora y explicaba \u201c<em>Nos encontramos con un problema, un impedimento. No podemos definir en la sede porque desde el Consejo Escolar no nos quieren brindar un espacio. Cuando este encuentro se realiza en escuelas, en establecimientos escolares porque necesitamos el funcionamiento de talleres en diferentes aulas de una escuela.<\/em> <em>Hemos pedido que el consejo escolar nos brinde un establecimiento en el centro de Pilar que es donde est\u00e1n las escuelas con mayor cantidad de aulas, porque venimos planificando el funcionamiento de m\u00e1s de 40 talleres de debate, por lo tanto necesitamos m\u00e1s de 40 aulas. Por otro lado tambi\u00e9n por el tema de la convocatoria, el a\u00f1o pasado el Encuentro Regional en San Miguel, participaron m\u00e1s de 2.000 personas, y para llegar hasta Pilar lo m\u00e1s accesible es la terminal de \u00f3mnibus que est\u00e1 en el Centro de Pilar, por lo tanto una escuela en el centro facilitar\u00eda la llegada de tantas personas que vienen de Tigre, de Vicente L\u00f3pez, de Campana<\/em>\u201d.<\/p>\n\n\n\n<p>Luego de la definici\u00f3n de la sede por una escuela en Villa Astolfi, Barreto comentaba \u201c<em>Nos parece que la decisi\u00f3n de darnos esa escuela tiene que ver con que somos un espacio que denuncia que estamos viviendo las mujeres y las personas de la comunidad LGBTQ+\u201d.<\/em><\/p>\n\n\n\n<p>Por \u00faltimo y despu\u00e9s de volver a realizar un pedido al Consejo Escolar por su resoluci\u00f3n sin fundamentos, Barreto conclu\u00eda \u201c<em>La respuesta no fue positiva ni acorde a lo que significa este encuentro para tantas mujeres y personas LGBTQ+, el impacto que genera en estas personas. Ver tanta organizaci\u00f3n, tanto debate, tanto intercambio, tanta movida cultural\u201d<\/em><\/p>\n\n\n\n<p>Entrevista completa en el Noticiero Encuentro con las Noticias<\/p>\n\n\n<p><iframe loading=\"lazy\" src=\"https:\/\/archive.org\/embed\/entrevista-ana-barreto-encuentro-regional-de-mujeres-07-08-24\" width=\"500\" height=\"60\" frameborder=\"0\" webkitallowfullscreen=\"true\" mozallowfullscreen=\"true\" allowfullscreen><\/iframe><\/p>\n\n\n<p><a href=\"https:\/\/archive.org\/details\/entrevista-ana-barreto-encuentro-regional-de-mujeres-07-08-24\" data-type=\"link\" data-id=\"https:\/\/archive.org\/details\/entrevista-ana-barreto-encuentro-regional-de-mujeres-07-08-24\">Descargar<\/a><\/p>\n","protected":false},"excerpt":{"rendered":"<p>La comisi\u00f3n organizadora expresa en un comunicado su preocupaci\u00f3n frente a la situaci\u00f3n de la sede de este 26\u00b0 Encuentro Regional de Mujeres, Lesbianas, Bisexuales, Travestis, Trans, Intersex y No Binaries que tendr\u00eda lugar en la Localidad de Pilar. Dentro del pedido para la sede de este a\u00f1o, la Comisi\u00f3n Organizadora buscaba una sede que [&hellip;]<\/p>\n","protected":false},"author":1,"featured_media":6655,"comment_status":"open","ping_status":"open","sticky":false,"template":"","format":"standard","meta":{"footnotes":""},"categories":[1],"tags":[],"class_list":["post-6654","post","type-post","status-publish","format-standard","has-post-thumbnail","hentry","category-blog"],"_links":{"self":[{"href":"https:\/\/fmtinkunaco.ar\/index.php?rest_route=\/wp\/v2\/posts\/6654","targetHints":{"allow":["GET"]}}],"collection":[{"href":"https:\/\/fmtinkunaco.ar\/index.php?rest_route=\/wp\/v2\/posts"}],"about":[{"href":"https:\/\/fmtinkunaco.ar\/index.php?rest_route=\/wp\/v2\/types\/post"}],"author":[{"embeddable":true,"href":"https:\/\/fmtinkunaco.ar\/index.php?rest_route=\/wp\/v2\/users\/1"}],"replies":[{"embeddable":true,"href":"https:\/\/fmtinkunaco.ar\/index.php?rest_route=%2Fwp%2Fv2%2Fcomments&post=6654"}],"version-history":[{"count":1,"href":"https:\/\/fmtinkunaco.ar\/index.php?rest_route=\/wp\/v2\/posts\/6654\/revisions"}],"predecessor-version":[{"id":6656,"href":"https:\/\/fmtinkunaco.ar\/index.php?rest_route=\/wp\/v2\/posts\/6654\/revisions\/6656"}],"wp:featuredmedia":[{"embeddable":true,"href":"https:\/\/fmtinkunaco.ar\/index.php?rest_route=\/wp\/v2\/media\/6655"}],"wp:attachment":[{"href":"https:\/\/fmtinkunaco.ar\/index.php?rest_route=%2Fwp%2Fv2%2Fmedia&parent=6654"}],"wp:term":[{"taxonomy":"category","embeddable":true,"href":"https:\/\/fmtinkunaco.ar\/index.php?rest_route=%2Fwp%2Fv2%2Fcategories&post=6654"},{"taxonomy":"post_tag","embeddable":true,"href":"https:\/\/fmtinkunaco.ar\/index.php?rest_route=%2Fwp%2Fv2%2Ftags&post=6654"}],"curies":[{"name":"wp","href":"https:\/\/api.w.org\/{rel}","templated":true}]}}