{"id":6661,"date":"2024-08-12T10:58:12","date_gmt":"2024-08-12T13:58:12","guid":{"rendered":"https:\/\/fmtinkunaco.ar\/?p=6661"},"modified":"2024-08-12T10:58:12","modified_gmt":"2024-08-12T13:58:12","slug":"hay-hambre-nueva-campana-colectiva-de-la-biblioteca-palabras-del-alma","status":"publish","type":"post","link":"https:\/\/fmtinkunaco.ar\/?p=6661","title":{"rendered":"\u00a1Hay Hambre! Nueva Campa\u00f1a Colectiva de la Biblioteca Palabras del Alma"},"content":{"rendered":"\n<p>La Biblioteca Palabras del Alma lanza una nueva campa\u00f1a para contribuir con comunidades guaran\u00edes de la provincia de Misiones.<\/p>\n\n\n\n<p>Hern\u00e1n Nemi, referente de la Biblioteca, explicaba su trabajo en el territorio \u201c<em>Hace m\u00e1s de 10 a\u00f1os que acompa\u00f1amos comunidades guaran\u00edes de misiones (\u2026) llevamos m\u00e1s de 20 bibliotecas construidas en distintos lugares del monte, el sentido de construir bibliotecas ah\u00ed es que despu\u00e9s se puedan convertir en aulas sat\u00e9lites. A todo esto que dec\u00edamos del desmonte, de la perdida de territorio, de la reducci\u00f3n de la biodiversidad para cazar. Todo eso hace que la vida del guaran\u00ed sea m\u00e1s dif\u00edcil y hace que las comunidades guaran\u00edes necesiten que los chicos aprendan a leer, escribir y hablar castellano. La escuela se vuelve un elemento fundamental porque si no tienen acceso a una educaci\u00f3n formal, tienen que salir del monte y eso significar\u00eda la p\u00e9rdida total de la selva\u201d.<\/em><\/p>\n\n\n\n<p>Se trata de una donaci\u00f3n mensual de $4000 para poder sostener tanto la compra de alimentos como la continuidad de proyectos educativos. Lo ideal mencionaba Nemi es poder mantener esta ayuda a lo largo de los meses y comentaba <em>\u201cLo que hacemos es una vez m\u00e1s recurrir a la comunidad, invitar a quienes tengan ganas de donarnos $4000 pesos por mes o lo que fuera, sea $2000 u $8000\u201d.<\/em><\/p>\n\n\n\n<p>Para participar de la campa\u00f1a, te podes comunicar mediante redes sociales a&nbsp;<a href=\"https:\/\/www.facebook.com\/bibliopalabrasdelalma\"><strong>Biblioteca Palabras del Alma<\/strong><\/a>&nbsp;y te pasan la informaci\u00f3n necesaria.<\/p>\n\n\n\n<p>\u201cLo importante es no mirar para otro lado\u201d<\/p>\n\n\n<div class=\"wp-block-image\">\n<figure class=\"aligncenter size-large is-resized\"><img loading=\"lazy\" decoding=\"async\" width=\"819\" height=\"1024\" src=\"https:\/\/fmtinkunaco.ar\/wp-content\/uploads\/2024\/08\/SaveInsta.App_454724668_780791113968774_289520076298905352_n-819x1024.jpg\" alt=\"\" class=\"wp-image-6664\" style=\"aspect-ratio:0.7998046875;width:527px;height:auto\" srcset=\"https:\/\/fmtinkunaco.ar\/wp-content\/uploads\/2024\/08\/SaveInsta.App_454724668_780791113968774_289520076298905352_n-819x1024.jpg 819w, https:\/\/fmtinkunaco.ar\/wp-content\/uploads\/2024\/08\/SaveInsta.App_454724668_780791113968774_289520076298905352_n-240x300.jpg 240w, https:\/\/fmtinkunaco.ar\/wp-content\/uploads\/2024\/08\/SaveInsta.App_454724668_780791113968774_289520076298905352_n-768x960.jpg 768w, https:\/\/fmtinkunaco.ar\/wp-content\/uploads\/2024\/08\/SaveInsta.App_454724668_780791113968774_289520076298905352_n.jpg 1080w\" sizes=\"auto, (max-width: 819px) 100vw, 819px\" \/><\/figure>\n<\/div>\n\n\n<p>Entrevista completa en el Noticiero Encuentro con las Noticias<\/p>\n\n\n<p><iframe loading=\"lazy\" src=\"https:\/\/archive.org\/embed\/entrevista-hernan-nemi-biblioteca-palabras-del-alma-12-08-24\" width=\"500\" height=\"60\" frameborder=\"0\" webkitallowfullscreen=\"true\" mozallowfullscreen=\"true\" allowfullscreen><\/iframe><\/p>\n\n\n<p><a href=\"https:\/\/archive.org\/details\/entrevista-hernan-nemi-biblioteca-palabras-del-alma-12-08-24\" data-type=\"link\" data-id=\"https:\/\/archive.org\/details\/entrevista-hernan-nemi-biblioteca-palabras-del-alma-12-08-24\">Descargar<\/a><\/p>\n","protected":false},"excerpt":{"rendered":"<p>La Biblioteca Palabras del Alma lanza una nueva campa\u00f1a para contribuir con comunidades guaran\u00edes de la provincia de Misiones. Hern\u00e1n Nemi, referente de la Biblioteca, explicaba su trabajo en el territorio \u201cHace m\u00e1s de 10 a\u00f1os que acompa\u00f1amos comunidades guaran\u00edes de misiones (\u2026) llevamos m\u00e1s de 20 bibliotecas construidas en distintos lugares del monte, el [&hellip;]<\/p>\n","protected":false},"author":1,"featured_media":6663,"comment_status":"open","ping_status":"open","sticky":false,"template":"","format":"standard","meta":{"footnotes":""},"categories":[3],"tags":[],"class_list":["post-6661","post","type-post","status-publish","format-standard","has-post-thumbnail","hentry","category-cultura"],"_links":{"self":[{"href":"https:\/\/fmtinkunaco.ar\/index.php?rest_route=\/wp\/v2\/posts\/6661","targetHints":{"allow":["GET"]}}],"collection":[{"href":"https:\/\/fmtinkunaco.ar\/index.php?rest_route=\/wp\/v2\/posts"}],"about":[{"href":"https:\/\/fmtinkunaco.ar\/index.php?rest_route=\/wp\/v2\/types\/post"}],"author":[{"embeddable":true,"href":"https:\/\/fmtinkunaco.ar\/index.php?rest_route=\/wp\/v2\/users\/1"}],"replies":[{"embeddable":true,"href":"https:\/\/fmtinkunaco.ar\/index.php?rest_route=%2Fwp%2Fv2%2Fcomments&post=6661"}],"version-history":[{"count":1,"href":"https:\/\/fmtinkunaco.ar\/index.php?rest_route=\/wp\/v2\/posts\/6661\/revisions"}],"predecessor-version":[{"id":6669,"href":"https:\/\/fmtinkunaco.ar\/index.php?rest_route=\/wp\/v2\/posts\/6661\/revisions\/6669"}],"wp:featuredmedia":[{"embeddable":true,"href":"https:\/\/fmtinkunaco.ar\/index.php?rest_route=\/wp\/v2\/media\/6663"}],"wp:attachment":[{"href":"https:\/\/fmtinkunaco.ar\/index.php?rest_route=%2Fwp%2Fv2%2Fmedia&parent=6661"}],"wp:term":[{"taxonomy":"category","embeddable":true,"href":"https:\/\/fmtinkunaco.ar\/index.php?rest_route=%2Fwp%2Fv2%2Fcategories&post=6661"},{"taxonomy":"post_tag","embeddable":true,"href":"https:\/\/fmtinkunaco.ar\/index.php?rest_route=%2Fwp%2Fv2%2Ftags&post=6661"}],"curies":[{"name":"wp","href":"https:\/\/api.w.org\/{rel}","templated":true}]}}