{"id":6671,"date":"2024-08-14T10:15:17","date_gmt":"2024-08-14T13:15:17","guid":{"rendered":"https:\/\/fmtinkunaco.ar\/?p=6671"},"modified":"2024-08-16T10:22:00","modified_gmt":"2024-08-16T13:22:00","slug":"sin-docentes-no-hay-educacion-paro-universitario-en-la-ungs","status":"publish","type":"post","link":"https:\/\/fmtinkunaco.ar\/?p=6671","title":{"rendered":"Sin docentes, no hay educaci\u00f3n: Paro Universitario en la UNGS"},"content":{"rendered":"\n<p>Esta semana la Universidad Nacional General Sarmiento se encontrar\u00e1 en estado de paro desde el lunes 12 al s\u00e1bado 17 de agosto.<\/p>\n\n\n\n<p>La medida tambi\u00e9n llamada <strong>\u201cNo inicio del Segundo Semestre\u201d<\/strong> es llevada a cabo por organizaciones de la universidad como ADIUNGS (Asociaci\u00f3n de Docentes e Investigadores de la UNGS), APUNGS (Asociaci\u00f3n del Personal Nodocente de la UNGS) y el Centro de Estudiantes de la Universidad.<\/p>\n\n\n\n<p>El paro es en reclamo de la emergencia salarial docente, la p\u00e9rdida del poder adquisitivo y del ataque sistem\u00e1tico hacia las universidades p\u00fablicas. Sin embargo, cuenta con un historial de medidas de lucha previas al paro donde se visibilizaban las problem\u00e1ticas que est\u00e1n afectando a la Universidad.<\/p>\n\n\n\n<p>En una entrevista con Nuria Yabkowski, secretaria adjunta de ADIUNGS, ella explicaba la situaci\u00f3n <em>\u201cNo solo nos colm\u00f3 la inflaci\u00f3n, sino tambi\u00e9n un tarifazo y fue riesgoso porque la universidad estuvo al borde del cierre.&nbsp; En ese mismo periodo Diciembre-Junio la inflaci\u00f3n fue 120% y nuestros salarios aumentaron 70% (\u2026) Estamos en emergencia salarial y ya no sabemos qu\u00e9 hacer para que se den cuenta que el ajuste es una magnitud que no se conoci\u00f3 en otro momento, a punto tal que nuestro salarios sufrieron la ca\u00edda m\u00e1s importante de los \u00faltimos 40 a\u00f1os. Estamos en los mismo niveles que despu\u00e9s de la crisis del 2001 que fue el piso m\u00e1s profundo en el que cayeron nuestros salarios, momento en el que cual ning\u00fan docente cre\u00eda que podr\u00eda llegara&nbsp; vivir de la universidad\u201d.<\/em><\/p>\n\n\n\n<p>Tambi\u00e9n, Yabkowski coment\u00f3 sobre la participaci\u00f3n del cuerpo docente en esta medida <em>\u201cLa experiencia y lo que nos da lo sintom\u00e1tico de los acatamientos masivos es que compa\u00f1eras y compa\u00f1eros que en otros momentos no paraban, se est\u00e1n adhiriendo al paro sin dudarlo. Porque b\u00e1sicamente est\u00e1n entendiendo lo que est\u00e1 en riesgo (\u2026) La magnitud del ajuste hace que esto sea otra cosa, ajustaron tanto que esta lucha se convirti\u00f3 en defensa de la Universidad P\u00fablica.\u201d<\/em><\/p>\n\n\n\n<p>Adem\u00e1s del paro de actividades, entre la semana del lunes 19 al s\u00e1bado 24 de agosto han decidido en asamblea realizar actividades de visibilizaci\u00f3n.<\/p>\n\n\n\n<p>Entrevista Completa en el Noticiero Encuentro con las Noticias<\/p>\n\n\n\n<p><a href=\"https:\/\/archive.org\/details\/audio-nuria-yabkowski-adiungs-13-08\">Descargar<\/a><\/p>\n\n\n<p><iframe loading=\"lazy\" src=\"https:\/\/archive.org\/embed\/audio-nuria-yabkowski-adiungs-13-08\" width=\"500\" height=\"60\" frameborder=\"0\" webkitallowfullscreen=\"true\" mozallowfullscreen=\"true\" allowfullscreen><\/iframe><\/p>","protected":false},"excerpt":{"rendered":"<p>Esta semana la Universidad Nacional General Sarmiento se encontrar\u00e1 en estado de paro desde el lunes 12 al s\u00e1bado 17 de agosto. La medida tambi\u00e9n llamada \u201cNo inicio del Segundo Semestre\u201d es llevada a cabo por organizaciones de la universidad como ADIUNGS (Asociaci\u00f3n de Docentes e Investigadores de la UNGS), APUNGS (Asociaci\u00f3n del Personal Nodocente [&hellip;]<\/p>\n","protected":false},"author":1,"featured_media":6672,"comment_status":"open","ping_status":"open","sticky":false,"template":"","format":"standard","meta":{"footnotes":""},"categories":[5],"tags":[],"class_list":["post-6671","post","type-post","status-publish","format-standard","has-post-thumbnail","hentry","category-educacion"],"_links":{"self":[{"href":"https:\/\/fmtinkunaco.ar\/index.php?rest_route=\/wp\/v2\/posts\/6671","targetHints":{"allow":["GET"]}}],"collection":[{"href":"https:\/\/fmtinkunaco.ar\/index.php?rest_route=\/wp\/v2\/posts"}],"about":[{"href":"https:\/\/fmtinkunaco.ar\/index.php?rest_route=\/wp\/v2\/types\/post"}],"author":[{"embeddable":true,"href":"https:\/\/fmtinkunaco.ar\/index.php?rest_route=\/wp\/v2\/users\/1"}],"replies":[{"embeddable":true,"href":"https:\/\/fmtinkunaco.ar\/index.php?rest_route=%2Fwp%2Fv2%2Fcomments&post=6671"}],"version-history":[{"count":2,"href":"https:\/\/fmtinkunaco.ar\/index.php?rest_route=\/wp\/v2\/posts\/6671\/revisions"}],"predecessor-version":[{"id":6677,"href":"https:\/\/fmtinkunaco.ar\/index.php?rest_route=\/wp\/v2\/posts\/6671\/revisions\/6677"}],"wp:featuredmedia":[{"embeddable":true,"href":"https:\/\/fmtinkunaco.ar\/index.php?rest_route=\/wp\/v2\/media\/6672"}],"wp:attachment":[{"href":"https:\/\/fmtinkunaco.ar\/index.php?rest_route=%2Fwp%2Fv2%2Fmedia&parent=6671"}],"wp:term":[{"taxonomy":"category","embeddable":true,"href":"https:\/\/fmtinkunaco.ar\/index.php?rest_route=%2Fwp%2Fv2%2Fcategories&post=6671"},{"taxonomy":"post_tag","embeddable":true,"href":"https:\/\/fmtinkunaco.ar\/index.php?rest_route=%2Fwp%2Fv2%2Ftags&post=6671"}],"curies":[{"name":"wp","href":"https:\/\/api.w.org\/{rel}","templated":true}]}}