{"id":6684,"date":"2024-08-20T09:36:43","date_gmt":"2024-08-20T12:36:43","guid":{"rendered":"https:\/\/fmtinkunaco.ar\/?p=6684"},"modified":"2024-08-21T12:47:31","modified_gmt":"2024-08-21T15:47:31","slug":"lanzamiento-del-podcast-como-hacemos","status":"publish","type":"post","link":"https:\/\/fmtinkunaco.ar\/?p=6684","title":{"rendered":"Lanzamiento del Podcast \u2018\u00bfC\u00f3mo hicimos?\u2019"},"content":{"rendered":"\n<p>Docentes de la Escuela de Educaci\u00f3n Especial N\u00b0 504 de Del Viso est\u00e1n llevando a cabo un Podcast &nbsp;junto con estudiantes <em>\u201c<\/em><em>\u00bfC\u00f3mo hicimos?, la historia detr\u00e1s de las canciones el podcast de Nuestro Encuentro<\/em>\u201d.<\/p>\n\n\n\n<p>Mauro Tessuri, es Docente de m\u00fasica Escuela de Educaci\u00f3n Especial y comentaba al aire \u201c<em>Nosotros vamos creando, vamos armando canciones, que describen lo cotidiano, lo que vamos viendo en el aula. La idea era hacer un podcast donde ellos vayan compartiendo de donde van saliendo las canciones, c\u00f3mo surgen\u201d<\/em><\/p>\n\n\n\n<p>Tessuri tambi\u00e9n mencionaba el objetivo del podcast<em>, <\/em>el cual era un lugar <em>\u201cDonde ellos se puedan expresar, no solo en su grupo sino que otros lo puedan escuchar, eso es maravilloso. Habla del hallazgo de una subjetividad importante y que otros lo puedan valorar (\u2026) Tratamos que todos tengan lugar incluso los que no tengan posibilidad del lenguaje, para que con un instrumento o sonido tengan la oportunidad de participar. Que ellos puedan ser escuchados, que tengan palabras y puedan expresar realmente lo que tengan ganas de expresar. No solo eso, sino que haya del otro lado gente que escucha, respeta y valora.\u201d<\/em><\/p>\n\n\n\n<p>El podcast sonar\u00e1 al aire los d\u00edas mi\u00e9rcoles a las 13:00hs.<\/p>\n\n\n\n<p>Entrevista completa en el Noticiero Encuentro con las Noticias<\/p>\n\n\n<\/p>\n<p><iframe loading=\"lazy\" src=\"https:\/\/archive.org\/embed\/entrevista-mauro-tessuri-19-08-24\" width=\"500\" height=\"60\" frameborder=\"0\" webkitallowfullscreen=\"true\" mozallowfullscreen=\"true\" allowfullscreen><\/iframe><\/p>\n\n\n<p><a href=\"https:\/\/archive.org\/details\/entrevista-mauro-tessuri-19-08-24\" data-type=\"link\" data-id=\"https:\/\/archive.org\/details\/entrevista-mauro-tessuri-19-08-24\">Descargar<\/a><\/p>\n","protected":false},"excerpt":{"rendered":"<p>Docentes de la Escuela de Educaci\u00f3n Especial N\u00b0 504 de Del Viso est\u00e1n llevando a cabo un Podcast &nbsp;junto con estudiantes \u201c\u00bfC\u00f3mo hicimos?, la historia detr\u00e1s de las canciones el podcast de Nuestro Encuentro\u201d. Mauro Tessuri, es Docente de m\u00fasica Escuela de Educaci\u00f3n Especial y comentaba al aire \u201cNosotros vamos creando, vamos armando canciones, que [&hellip;]<\/p>\n","protected":false},"author":1,"featured_media":6685,"comment_status":"open","ping_status":"open","sticky":false,"template":"","format":"standard","meta":{"footnotes":""},"categories":[5],"tags":[],"class_list":["post-6684","post","type-post","status-publish","format-standard","has-post-thumbnail","hentry","category-educacion"],"_links":{"self":[{"href":"https:\/\/fmtinkunaco.ar\/index.php?rest_route=\/wp\/v2\/posts\/6684","targetHints":{"allow":["GET"]}}],"collection":[{"href":"https:\/\/fmtinkunaco.ar\/index.php?rest_route=\/wp\/v2\/posts"}],"about":[{"href":"https:\/\/fmtinkunaco.ar\/index.php?rest_route=\/wp\/v2\/types\/post"}],"author":[{"embeddable":true,"href":"https:\/\/fmtinkunaco.ar\/index.php?rest_route=\/wp\/v2\/users\/1"}],"replies":[{"embeddable":true,"href":"https:\/\/fmtinkunaco.ar\/index.php?rest_route=%2Fwp%2Fv2%2Fcomments&post=6684"}],"version-history":[{"count":3,"href":"https:\/\/fmtinkunaco.ar\/index.php?rest_route=\/wp\/v2\/posts\/6684\/revisions"}],"predecessor-version":[{"id":6689,"href":"https:\/\/fmtinkunaco.ar\/index.php?rest_route=\/wp\/v2\/posts\/6684\/revisions\/6689"}],"wp:featuredmedia":[{"embeddable":true,"href":"https:\/\/fmtinkunaco.ar\/index.php?rest_route=\/wp\/v2\/media\/6685"}],"wp:attachment":[{"href":"https:\/\/fmtinkunaco.ar\/index.php?rest_route=%2Fwp%2Fv2%2Fmedia&parent=6684"}],"wp:term":[{"taxonomy":"category","embeddable":true,"href":"https:\/\/fmtinkunaco.ar\/index.php?rest_route=%2Fwp%2Fv2%2Fcategories&post=6684"},{"taxonomy":"post_tag","embeddable":true,"href":"https:\/\/fmtinkunaco.ar\/index.php?rest_route=%2Fwp%2Fv2%2Ftags&post=6684"}],"curies":[{"name":"wp","href":"https:\/\/api.w.org\/{rel}","templated":true}]}}