{"id":6697,"date":"2024-08-26T09:28:27","date_gmt":"2024-08-26T12:28:27","guid":{"rendered":"https:\/\/fmtinkunaco.ar\/?p=6697"},"modified":"2024-08-26T09:28:27","modified_gmt":"2024-08-26T12:28:27","slug":"cuando-hablamos-desde-esi-estamos-hablando-de-una-perspectiva-movimiento-federal-xmasesi","status":"publish","type":"post","link":"https:\/\/fmtinkunaco.ar\/?p=6697","title":{"rendered":"\u201cCuando hablamos desde ESI, estamos hablando de una perspectiva\u201d Movimiento Federal xMasESI"},"content":{"rendered":"\n<p>El Movimiento Federal x m\u00e1s ESI es un colectivo de docentes que trabaja en todos los niveles y modalidades del sistema educativo (desde el nivel inicial hasta el universitario), en sindicatos, diferentes instancias de los gobiernos nacional y provinciales; de periodistas, de militantes en organizaciones sociales, profesionales, educadoras populares y promotoras territoriales de g\u00e9nero y diversidad que por mueven y defienden la Educaci\u00f3n Sexual Integral (ESI).<\/p>\n\n\n\n<p>Natalia Di Marco, docente e integrante del Movimiento, comentaba \u201cEsto fue algo que emergi\u00f3 en un momento coyuntural determinado pero en realidad plasma una construcci\u00f3n y una serie de redes, encuentros y debates que se vienen dando desde mucho tiempo antes. Claramente el objetivo sigue siendo defender la ESI, pero adem\u00e1s ir por mas ESI\u201d.<\/p>\n\n\n\n<p>La Educaci\u00f3n Sexual Integral es un derecho y pol\u00edtica p\u00fablica educativa que ha transformado de manera positiva la vida de las escuelas, las infancias y juventudes. \u00c9sta se encuentra muy cuestionada por referentes del Gobierno actual, el cual desestima su importancia y amenaza en dar de baja la ley.<\/p>\n\n\n\n<p>En esa l\u00ednea, Di Marco agregaba \u201c<em>uno de los desaf\u00edos y, al mismo tiempo, de sus posibles fortalezas, aunque compleja, es la transversalidad. Es pensar que la Educaci\u00f3n Sexual Integral se construye y se trabaja cotidianamente en las aulas todos los d\u00edas. <strong>Cuando hablamos desde ESI, estamos hablando de una perspectiva<\/strong>, de una mirada, de un encuadre o una serie de contenidos curriculares que tienen que tener <\/em>una presencia en las aulas en todas las aulas, en todas las disciplinas\u201d.<\/p>\n\n\n\n<p>En la Provincia de Buenos Aires adem\u00e1s entre el 23 y el 27 de Agosto se realiza La Semana de la ESI. El 4 de octubre de 2006 se sancion\u00f3 la Ley 26.150 que cre\u00f3 el Programa Nacional de Educaci\u00f3n Sexual Integral. En la Provincia rige la Ley 14.744, es un proyecto de justicia y de igualdad para la mejora de la calidad de vida de todas las personas.<\/p>\n\n\n\n<p>Entrevista Completa<\/p>\n\n\n<p><iframe loading=\"lazy\" src=\"https:\/\/archive.org\/embed\/entrevista-natalia-di-marco-23-08-24\" width=\"500\" height=\"60\" frameborder=\"0\" webkitallowfullscreen=\"true\" mozallowfullscreen=\"true\" allowfullscreen><\/iframe><\/p>\n\n\n<p>Descargar<\/p>\n","protected":false},"excerpt":{"rendered":"<p>El Movimiento Federal x m\u00e1s ESI es un colectivo de docentes que trabaja en todos los niveles y modalidades del sistema educativo (desde el nivel inicial hasta el universitario), en sindicatos, diferentes instancias de los gobiernos nacional y provinciales; de periodistas, de militantes en organizaciones sociales, profesionales, educadoras populares y promotoras territoriales de g\u00e9nero y [&hellip;]<\/p>\n","protected":false},"author":1,"featured_media":6698,"comment_status":"open","ping_status":"open","sticky":false,"template":"","format":"standard","meta":{"footnotes":""},"categories":[5],"tags":[],"class_list":["post-6697","post","type-post","status-publish","format-standard","has-post-thumbnail","hentry","category-educacion"],"_links":{"self":[{"href":"https:\/\/fmtinkunaco.ar\/index.php?rest_route=\/wp\/v2\/posts\/6697","targetHints":{"allow":["GET"]}}],"collection":[{"href":"https:\/\/fmtinkunaco.ar\/index.php?rest_route=\/wp\/v2\/posts"}],"about":[{"href":"https:\/\/fmtinkunaco.ar\/index.php?rest_route=\/wp\/v2\/types\/post"}],"author":[{"embeddable":true,"href":"https:\/\/fmtinkunaco.ar\/index.php?rest_route=\/wp\/v2\/users\/1"}],"replies":[{"embeddable":true,"href":"https:\/\/fmtinkunaco.ar\/index.php?rest_route=%2Fwp%2Fv2%2Fcomments&post=6697"}],"version-history":[{"count":1,"href":"https:\/\/fmtinkunaco.ar\/index.php?rest_route=\/wp\/v2\/posts\/6697\/revisions"}],"predecessor-version":[{"id":6699,"href":"https:\/\/fmtinkunaco.ar\/index.php?rest_route=\/wp\/v2\/posts\/6697\/revisions\/6699"}],"wp:featuredmedia":[{"embeddable":true,"href":"https:\/\/fmtinkunaco.ar\/index.php?rest_route=\/wp\/v2\/media\/6698"}],"wp:attachment":[{"href":"https:\/\/fmtinkunaco.ar\/index.php?rest_route=%2Fwp%2Fv2%2Fmedia&parent=6697"}],"wp:term":[{"taxonomy":"category","embeddable":true,"href":"https:\/\/fmtinkunaco.ar\/index.php?rest_route=%2Fwp%2Fv2%2Fcategories&post=6697"},{"taxonomy":"post_tag","embeddable":true,"href":"https:\/\/fmtinkunaco.ar\/index.php?rest_route=%2Fwp%2Fv2%2Ftags&post=6697"}],"curies":[{"name":"wp","href":"https:\/\/api.w.org\/{rel}","templated":true}]}}