{"id":6701,"date":"2024-08-27T08:55:25","date_gmt":"2024-08-27T11:55:25","guid":{"rendered":"https:\/\/fmtinkunaco.ar\/?p=6701"},"modified":"2024-08-27T08:55:47","modified_gmt":"2024-08-27T11:55:47","slug":"el-encuentro-regional-de-mujeres-lesbianas-bisexuales-travestis-trans-intersex-y-nobinaries-se-realizara-por-primera-vez-en-pilar","status":"publish","type":"post","link":"https:\/\/fmtinkunaco.ar\/?p=6701","title":{"rendered":"El Encuentro Regional de Mujeres, Lesbianas, Bisexuales, Travestis, Trans, Intersex y NoBinaries se realizar\u00e1 por primera vez en Pilar"},"content":{"rendered":"\n<p>Se confirm\u00f3 la fecha y locaci\u00f3n para pr\u00f3ximo 26\u00b0 Encuentro Regional de Mujeres, Lesbianas, Bisexuales, Travestis, Trans, Intersex y NoBinaries del Conurbano Oeste y Noroeste. Este ser\u00e1 el 14 de septiembre en la Escuela Primaria N\u00b023 en Villa Astolfi (Jos\u00e9 Rondeau 777).<\/p>\n\n\n\n<p>A dos cuadras de la estaci\u00f3n de Villa Astolfi, el Encuentro contar\u00e1 con 44 espacios de taller y debate, radio abierta y una feria con m\u00e1s de 100 feriantes.<\/p>\n\n\n\n<p>Ana Barreto es integrante de la Comisi\u00f3n Organizadora del Encuentro y mencionaba sobre la decisi\u00f3n del lugar de este a\u00f1o \u201c<em>En Pilar nunca se hab\u00eda hecho y esta es la primera vez (\u2026) Siempre el encuentro cierra con una marcha al centro para visibilizar\u201d. <\/em>El Trenazo ser\u00e1 finalizando el Encuentro y consistir\u00e1 en ir en el Tren San Martin hasta la Estaci\u00f3n de Pilar y luego, convocar a marchar hacia la Plaza 12 de Octubre.<\/p>\n\n\n\n<p>En ese sentido, las dificultades sobre la selecci\u00f3n del distrito para la sede de este a\u00f1o van desde cambiando modalidades, adecu\u00e1ndose al espacio y reorganizando los talleres. Es as\u00ed como Barreto comentaba \u201c<em>el a\u00f1o pasado al Encuentro Regional de San Miguel participaron 2.000 personas. Estamos manejando ese par\u00e1metro. Sabemos que el hecho de que se realice en Astolfi y no en Pilar Centro va a general un poco de m\u00e1s viaje, m\u00e1s viatico\u201d.<\/em><\/p>\n\n\n\n<p>Por \u00faltimo, Barreto tambi\u00e9n se refer\u00eda a los lemas de esta edici\u00f3n como<em> \u201cTerritorios en Rebeld\u00eda\u2019 y con \u2018Hambre y Odio no hay libertad\u2019 son un mensaje claro contra este Gobierno Libertario de Milei y Villarruel que viene a arrasar con algunos de nuestros derechos logrados y conquistados con la lucha colectiva logrado en las calles.<\/em><\/p>\n\n\n\n<p>Entrevista Completa<\/p>\n\n\n<p><iframe loading=\"lazy\" src=\"https:\/\/archive.org\/embed\/entrevista-ana-barreto-encuentro-regional-14-09-24\" width=\"500\" height=\"60\" frameborder=\"0\" webkitallowfullscreen=\"true\" mozallowfullscreen=\"true\" allowfullscreen><\/iframe><\/p>\n\n\n<p><a href=\"https:\/\/archive.org\/details\/entrevista-ana-barreto-encuentro-regional-14-09-24\" data-type=\"link\" data-id=\"https:\/\/archive.org\/details\/entrevista-ana-barreto-encuentro-regional-14-09-24\">Descargar<\/a><\/p>\n","protected":false},"excerpt":{"rendered":"<p>Se confirm\u00f3 la fecha y locaci\u00f3n para pr\u00f3ximo 26\u00b0 Encuentro Regional de Mujeres, Lesbianas, Bisexuales, Travestis, Trans, Intersex y NoBinaries del Conurbano Oeste y Noroeste. Este ser\u00e1 el 14 de septiembre en la Escuela Primaria N\u00b023 en Villa Astolfi (Jos\u00e9 Rondeau 777). A dos cuadras de la estaci\u00f3n de Villa Astolfi, el Encuentro contar\u00e1 con [&hellip;]<\/p>\n","protected":false},"author":1,"featured_media":6702,"comment_status":"open","ping_status":"open","sticky":false,"template":"","format":"standard","meta":{"footnotes":""},"categories":[1],"tags":[],"class_list":["post-6701","post","type-post","status-publish","format-standard","has-post-thumbnail","hentry","category-blog"],"_links":{"self":[{"href":"https:\/\/fmtinkunaco.ar\/index.php?rest_route=\/wp\/v2\/posts\/6701","targetHints":{"allow":["GET"]}}],"collection":[{"href":"https:\/\/fmtinkunaco.ar\/index.php?rest_route=\/wp\/v2\/posts"}],"about":[{"href":"https:\/\/fmtinkunaco.ar\/index.php?rest_route=\/wp\/v2\/types\/post"}],"author":[{"embeddable":true,"href":"https:\/\/fmtinkunaco.ar\/index.php?rest_route=\/wp\/v2\/users\/1"}],"replies":[{"embeddable":true,"href":"https:\/\/fmtinkunaco.ar\/index.php?rest_route=%2Fwp%2Fv2%2Fcomments&post=6701"}],"version-history":[{"count":1,"href":"https:\/\/fmtinkunaco.ar\/index.php?rest_route=\/wp\/v2\/posts\/6701\/revisions"}],"predecessor-version":[{"id":6703,"href":"https:\/\/fmtinkunaco.ar\/index.php?rest_route=\/wp\/v2\/posts\/6701\/revisions\/6703"}],"wp:featuredmedia":[{"embeddable":true,"href":"https:\/\/fmtinkunaco.ar\/index.php?rest_route=\/wp\/v2\/media\/6702"}],"wp:attachment":[{"href":"https:\/\/fmtinkunaco.ar\/index.php?rest_route=%2Fwp%2Fv2%2Fmedia&parent=6701"}],"wp:term":[{"taxonomy":"category","embeddable":true,"href":"https:\/\/fmtinkunaco.ar\/index.php?rest_route=%2Fwp%2Fv2%2Fcategories&post=6701"},{"taxonomy":"post_tag","embeddable":true,"href":"https:\/\/fmtinkunaco.ar\/index.php?rest_route=%2Fwp%2Fv2%2Ftags&post=6701"}],"curies":[{"name":"wp","href":"https:\/\/api.w.org\/{rel}","templated":true}]}}