{"id":6715,"date":"2024-08-30T09:47:44","date_gmt":"2024-08-30T12:47:44","guid":{"rendered":"https:\/\/fmtinkunaco.ar\/?p=6715"},"modified":"2024-08-30T09:47:45","modified_gmt":"2024-08-30T12:47:45","slug":"la-ungs-sera-sede-del-festejo-por-el-dia-de-ada-lovelace","status":"publish","type":"post","link":"https:\/\/fmtinkunaco.ar\/?p=6715","title":{"rendered":"La UNGS ser\u00e1 sede del Festejo por el D\u00eda de Ada Lovelace"},"content":{"rendered":"\n<p>La Universidad Nacional de General Sarmiento ser\u00e1 una de las 40 sedes en Latinoam\u00e9rica en organizar el &nbsp;D\u00eda de Ada Lovelace que se llevar\u00e1 adelante el pr\u00f3ximo s\u00e1bado 5 de octubre y est\u00e1 destinada a ni\u00f1as de entre 9 y 12 a\u00f1os.<\/p>\n\n\n\n<p>Ver\u00f3nica Moyano es Doctora en Matem\u00e1ticas, Investigadora y docente del \u00e1rea de Computaci\u00f3n en el ICI (Instituto de Ciencias de la UNGS) y explico en di\u00e1logo con la FM Tinkunaco <em>\u201cEstas jornadas se organizan para fomentar las carreras de tecnolog\u00eda, de ciencia, sistemas, ingenier\u00eda y matem\u00e1ticas para las mujeres. Las mujeres hist\u00f3ricamente y actualmente tienen poca participaci\u00f3n, sobre todo en ingenier\u00eda y computaci\u00f3n que son carreras disponibles para todas y le pueden dar su mirada. Para fomentar esas carreras para las chicas se organizan estos talleres para ni\u00f1as entre 10 y 12 a\u00f1os\u201d.<\/em><\/p>\n\n\n\n<p>Augusta Ada Byron, conocida como Ada Lovelace, fue una matem\u00e1tica brit\u00e1nica conocida principalmente por su trabajo sobre la m\u00e1quina anal\u00edtica de Charles Babbage y fue una pionera en el \u00e1rea de la programaci\u00f3n por desarrollar el primer algoritmo para ser procesado por este tipo de m\u00e1quinas.<\/p>\n\n\n\n<p>Moyano, adem\u00e1s, cont\u00f3 sobre algunas actividades que se estar\u00e1n desarrollando <em>\u201cTodas son actividades como de tipo l\u00fadico para que se presente un tema o una de estas ciencias y las chicas puedan hacer una inmersi\u00f3n en c\u00f3mo se realiza la resoluci\u00f3n del problema en distintos problemas o de distintas cosas que tienen matem\u00e1tica, como ingenier\u00eda, como programaci\u00f3n, para que puedan tener como una experiencia en pensar soluciones como si fueran cient\u00edficas\u201d.<\/em><\/p>\n\n\n\n<p>La Jornada se realizar\u00e1 simult\u00e1neamente en diferentes pa\u00edses de Latinoam\u00e9rica, el&nbsp;s\u00e1bado 5 de octubre de 9:30 a 13:00 h en el Campus de la UNGS.<br><br>La participaci\u00f3n es mediante la inscripci\u00f3n que se desarrolla hasta el 5 de septiembre a trav\u00e9s de <strong>jornadasada@campus.ungs.edu.ar<\/strong>, deben contactarse docentes, familias y\/o tutores de las alumnas interesadas en participar.<\/p>\n\n\n\n<p>Compartimos entrevista completa<\/p>\n\n\n\n<p><a href=\"https:\/\/archive.org\/details\/entrevista-veronica-moyano-ungs-29-08-24\">Descargar<\/a><\/p>\n\n\n<p><iframe loading=\"lazy\" src=\"https:\/\/archive.org\/embed\/entrevista-veronica-moyano-ungs-29-08-24\" width=\"500\" height=\"60\" frameborder=\"0\" webkitallowfullscreen=\"true\" mozallowfullscreen=\"true\" allowfullscreen><\/iframe><\/p>","protected":false},"excerpt":{"rendered":"<p>La Universidad Nacional de General Sarmiento ser\u00e1 una de las 40 sedes en Latinoam\u00e9rica en organizar el &nbsp;D\u00eda de Ada Lovelace que se llevar\u00e1 adelante el pr\u00f3ximo s\u00e1bado 5 de octubre y est\u00e1 destinada a ni\u00f1as de entre 9 y 12 a\u00f1os. Ver\u00f3nica Moyano es Doctora en Matem\u00e1ticas, Investigadora y docente del \u00e1rea de Computaci\u00f3n [&hellip;]<\/p>\n","protected":false},"author":1,"featured_media":6716,"comment_status":"open","ping_status":"open","sticky":false,"template":"","format":"standard","meta":{"footnotes":""},"categories":[1],"tags":[],"class_list":["post-6715","post","type-post","status-publish","format-standard","has-post-thumbnail","hentry","category-blog"],"_links":{"self":[{"href":"https:\/\/fmtinkunaco.ar\/index.php?rest_route=\/wp\/v2\/posts\/6715","targetHints":{"allow":["GET"]}}],"collection":[{"href":"https:\/\/fmtinkunaco.ar\/index.php?rest_route=\/wp\/v2\/posts"}],"about":[{"href":"https:\/\/fmtinkunaco.ar\/index.php?rest_route=\/wp\/v2\/types\/post"}],"author":[{"embeddable":true,"href":"https:\/\/fmtinkunaco.ar\/index.php?rest_route=\/wp\/v2\/users\/1"}],"replies":[{"embeddable":true,"href":"https:\/\/fmtinkunaco.ar\/index.php?rest_route=%2Fwp%2Fv2%2Fcomments&post=6715"}],"version-history":[{"count":1,"href":"https:\/\/fmtinkunaco.ar\/index.php?rest_route=\/wp\/v2\/posts\/6715\/revisions"}],"predecessor-version":[{"id":6717,"href":"https:\/\/fmtinkunaco.ar\/index.php?rest_route=\/wp\/v2\/posts\/6715\/revisions\/6717"}],"wp:featuredmedia":[{"embeddable":true,"href":"https:\/\/fmtinkunaco.ar\/index.php?rest_route=\/wp\/v2\/media\/6716"}],"wp:attachment":[{"href":"https:\/\/fmtinkunaco.ar\/index.php?rest_route=%2Fwp%2Fv2%2Fmedia&parent=6715"}],"wp:term":[{"taxonomy":"category","embeddable":true,"href":"https:\/\/fmtinkunaco.ar\/index.php?rest_route=%2Fwp%2Fv2%2Fcategories&post=6715"},{"taxonomy":"post_tag","embeddable":true,"href":"https:\/\/fmtinkunaco.ar\/index.php?rest_route=%2Fwp%2Fv2%2Ftags&post=6715"}],"curies":[{"name":"wp","href":"https:\/\/api.w.org\/{rel}","templated":true}]}}