{"id":6718,"date":"2024-08-30T13:01:43","date_gmt":"2024-08-30T16:01:43","guid":{"rendered":"https:\/\/fmtinkunaco.ar\/?p=6718"},"modified":"2024-08-30T13:01:43","modified_gmt":"2024-08-30T16:01:43","slug":"fm-central-ferroviaria-de-cordoba-en-campana-para-levantar-su-antena-y-volver-al-aire","status":"publish","type":"post","link":"https:\/\/fmtinkunaco.ar\/?p=6718","title":{"rendered":"FM Central Ferroviaria de C\u00f3rdoba en campa\u00f1a para levantar su antena y volver al aire"},"content":{"rendered":"\n<p>Hace algunos d\u00edas FM Central Ferroviaria se encontr\u00f3 con su antena torcida y con tensores cortados, los motivos a\u00fan se desconocen pero esto no les permite estar hoy al aire. Motivo por el cual lanzaron una campa\u00f1a con el objetivo de poder volver al aire. \u00a0<\/p>\n\n\n\n<p>La FM Central Ferroviaria se encuentra ubicada en Cruz del Eje, C\u00f3rdoba.<\/p>\n\n\n\n<p>Virginia Artaza, integrante de la FM Comunitaria Central Ferroviaria, se refiri\u00f3 a esta situaci\u00f3n <em>\u201cEl viernes pasado nos dimos con la noticia, gracias al aviso de una de las personas que estaban ah\u00ed, que son caseros, que la antena estaba como torcida, se hab\u00eda doblado y esto fue aparentemente, porque todav\u00eda no sabemos bien el motivo y eso tambi\u00e9n nos preocupa y nos aflige bastante que hubo pareciera ser un accidente, una especie de choque, definitivamente un impacto grande para tener que cortar algunos tensores que son los de las bases de la antena y esos tensores estaban flojos, algunos estaban cortados y esa ve\u00eda que hab\u00eda un impacto en la base y eso provoco que la antena se doblar\u00e1 y eso significaba un potencial peligro para la comunidad\u201d.<\/em><\/p>\n\n\n\n<p>Frente a esta situaci\u00f3n, la Ferroviaria se vio obligada a retirar su antena y en este momento se encuentran trasmitiendo a trav\u00e9s de internet.<br><br>As\u00ed lo explic\u00f3 Artaza, <em>\u201cEstamos saliendo por streaming, estamos teniendo una programa con art\u00edsticas de emergencia gracias al laburo de compas que se pusieron en esa labor, estamos recibiendo audios y mensajitos de toda la red de radios comunitarias de Farco y tambi\u00e9n de gente amiga\u201d.<\/em><br><br>Quienes quieran y puedan colaborar para reinstalar la antena para poder volver al aire, La Ferroviaria recibe donaciones a trav\u00e9s de Alias GALLO. GORRA. PESADA pero tambi\u00e9n se pueden comunicar a trav\u00e9s del 3549 541222.<\/p>\n\n\n\n<p><a href=\"https:\/\/archive.org\/details\/audio-virginia-artaza-radio-la-ferroviaria-30-08\">Descargar<\/a><\/p>\n\n\n\n<p>Compartimos la entrevista completa<\/p>\n\n\n<p><iframe loading=\"lazy\" src=\"https:\/\/archive.org\/embed\/audio-virginia-artaza-radio-la-ferroviaria-30-08\" width=\"500\" height=\"60\" frameborder=\"0\" webkitallowfullscreen=\"true\" mozallowfullscreen=\"true\" allowfullscreen><\/iframe><\/p>","protected":false},"excerpt":{"rendered":"<p>Hace algunos d\u00edas FM Central Ferroviaria se encontr\u00f3 con su antena torcida y con tensores cortados, los motivos a\u00fan se desconocen pero esto no les permite estar hoy al aire. Motivo por el cual lanzaron una campa\u00f1a con el objetivo de poder volver al aire. \u00a0 La FM Central Ferroviaria se encuentra ubicada en Cruz [&hellip;]<\/p>\n","protected":false},"author":1,"featured_media":6719,"comment_status":"open","ping_status":"open","sticky":false,"template":"","format":"standard","meta":{"footnotes":""},"categories":[1],"tags":[],"class_list":["post-6718","post","type-post","status-publish","format-standard","has-post-thumbnail","hentry","category-blog"],"_links":{"self":[{"href":"https:\/\/fmtinkunaco.ar\/index.php?rest_route=\/wp\/v2\/posts\/6718","targetHints":{"allow":["GET"]}}],"collection":[{"href":"https:\/\/fmtinkunaco.ar\/index.php?rest_route=\/wp\/v2\/posts"}],"about":[{"href":"https:\/\/fmtinkunaco.ar\/index.php?rest_route=\/wp\/v2\/types\/post"}],"author":[{"embeddable":true,"href":"https:\/\/fmtinkunaco.ar\/index.php?rest_route=\/wp\/v2\/users\/1"}],"replies":[{"embeddable":true,"href":"https:\/\/fmtinkunaco.ar\/index.php?rest_route=%2Fwp%2Fv2%2Fcomments&post=6718"}],"version-history":[{"count":1,"href":"https:\/\/fmtinkunaco.ar\/index.php?rest_route=\/wp\/v2\/posts\/6718\/revisions"}],"predecessor-version":[{"id":6720,"href":"https:\/\/fmtinkunaco.ar\/index.php?rest_route=\/wp\/v2\/posts\/6718\/revisions\/6720"}],"wp:featuredmedia":[{"embeddable":true,"href":"https:\/\/fmtinkunaco.ar\/index.php?rest_route=\/wp\/v2\/media\/6719"}],"wp:attachment":[{"href":"https:\/\/fmtinkunaco.ar\/index.php?rest_route=%2Fwp%2Fv2%2Fmedia&parent=6718"}],"wp:term":[{"taxonomy":"category","embeddable":true,"href":"https:\/\/fmtinkunaco.ar\/index.php?rest_route=%2Fwp%2Fv2%2Fcategories&post=6718"},{"taxonomy":"post_tag","embeddable":true,"href":"https:\/\/fmtinkunaco.ar\/index.php?rest_route=%2Fwp%2Fv2%2Ftags&post=6718"}],"curies":[{"name":"wp","href":"https:\/\/api.w.org\/{rel}","templated":true}]}}