{"id":6731,"date":"2024-09-06T10:12:07","date_gmt":"2024-09-06T13:12:07","guid":{"rendered":"https:\/\/fmtinkunaco.ar\/?p=6731"},"modified":"2024-09-06T10:13:26","modified_gmt":"2024-09-06T13:13:26","slug":"nueva-edicion-de-la-maraton-nacional-de-lectura","status":"publish","type":"post","link":"https:\/\/fmtinkunaco.ar\/?p=6731","title":{"rendered":"Nueva edici\u00f3n de la Marat\u00f3n Nacional de Lectura"},"content":{"rendered":"\n<p>La Fundaci\u00f3n Leer invita a toda la comunidad educativa a participar de la edici\u00f3n 22\u00b0 Marat\u00f3n Nacional de Lectura. Encontrar\u00e1n libros digitales gratuitos, Gu\u00eda de Actividades y recursos novedosos para planificar actividades de lectura.<\/p>\n\n\n\n<p>Esta campa\u00f1a tendr\u00e1 como inicio el 27 de Septiembre y tendr\u00e1 como tema central \u201cEntre risas, carcajadas e iron\u00edas. Cuando el humor irrumpe en la literatura\u201d.<\/p>\n\n\n\n<p>Natalia Abran, integrante del \u00e1rea de comunicaciones de la Fundaci\u00f3n Leer, se refiri\u00f3 a al trabajo que realizan hace m\u00e1s de 20 a\u00f1os <em>\u201cLa Fundaci\u00f3n Leer se dedica, ya hace m\u00e1s de 25 a\u00f1os, a la promoci\u00f3n de la lectura infantil, trabajamos con escuelas, bibliotecas, centros de salud en todas las tem\u00e1ticas que tiene que ver con promoci\u00f3n de lectura, acercamiento de los chicos a los libros y para eso el trabajo que realizamos es fundamentalmente es con adultos, con docentes, administrativos, referentes de salud, de centros comunitarios, con familias, d\u00e1ndoles todas las herramientas fundamentales para poder promover la lectura\u201d.<\/em><\/p>\n\n\n\n<p>Natalia Abran, tambi\u00e9n sosten\u00eda <em>\u201cLa importancia que tiene aprender a leer y escribir, que los adultos apoyen a los chicos en ese camino es elemental y primordial\u201d.<\/em><\/p>\n\n\n\n<p>Hasta el momento hay m\u00e1s de 12 mil inscripciones que se realizaron y esperan que hasta el d\u00eda 27 de septiembre se inscriban muchas instituciones m\u00e1s.<\/p>\n\n\n\n<p>La inscripci\u00f3n es gratuita y se puede hacer a trav\u00e9s del siguiente link:<\/p>\n\n\n\n<p><a href=\"https:\/\/maraton.leer.org\/Inscribite\/Inscripcion\">https:\/\/maraton.leer.org\/Inscribite\/Inscripcion<\/a><\/p>\n\n\n\n<p>Entrevista Completa<\/p>\n\n\n\n<p><a href=\"https:\/\/archive.org\/details\/entrevista-natalia-maraton-de-lectura-05-09-24\">Descargar<\/a><\/p>\n\n\n<p><iframe loading=\"lazy\" src=\"https:\/\/archive.org\/embed\/entrevista-natalia-maraton-de-lectura-05-09-24\" width=\"500\" height=\"60\" frameborder=\"0\" webkitallowfullscreen=\"true\" mozallowfullscreen=\"true\" allowfullscreen><\/iframe><\/p>","protected":false},"excerpt":{"rendered":"<p>La Fundaci\u00f3n Leer invita a toda la comunidad educativa a participar de la edici\u00f3n 22\u00b0 Marat\u00f3n Nacional de Lectura. Encontrar\u00e1n libros digitales gratuitos, Gu\u00eda de Actividades y recursos novedosos para planificar actividades de lectura. Esta campa\u00f1a tendr\u00e1 como inicio el 27 de Septiembre y tendr\u00e1 como tema central \u201cEntre risas, carcajadas e iron\u00edas. Cuando el [&hellip;]<\/p>\n","protected":false},"author":1,"featured_media":6732,"comment_status":"open","ping_status":"open","sticky":false,"template":"","format":"standard","meta":{"footnotes":""},"categories":[5],"tags":[],"class_list":["post-6731","post","type-post","status-publish","format-standard","has-post-thumbnail","hentry","category-educacion"],"_links":{"self":[{"href":"https:\/\/fmtinkunaco.ar\/index.php?rest_route=\/wp\/v2\/posts\/6731","targetHints":{"allow":["GET"]}}],"collection":[{"href":"https:\/\/fmtinkunaco.ar\/index.php?rest_route=\/wp\/v2\/posts"}],"about":[{"href":"https:\/\/fmtinkunaco.ar\/index.php?rest_route=\/wp\/v2\/types\/post"}],"author":[{"embeddable":true,"href":"https:\/\/fmtinkunaco.ar\/index.php?rest_route=\/wp\/v2\/users\/1"}],"replies":[{"embeddable":true,"href":"https:\/\/fmtinkunaco.ar\/index.php?rest_route=%2Fwp%2Fv2%2Fcomments&post=6731"}],"version-history":[{"count":2,"href":"https:\/\/fmtinkunaco.ar\/index.php?rest_route=\/wp\/v2\/posts\/6731\/revisions"}],"predecessor-version":[{"id":6734,"href":"https:\/\/fmtinkunaco.ar\/index.php?rest_route=\/wp\/v2\/posts\/6731\/revisions\/6734"}],"wp:featuredmedia":[{"embeddable":true,"href":"https:\/\/fmtinkunaco.ar\/index.php?rest_route=\/wp\/v2\/media\/6732"}],"wp:attachment":[{"href":"https:\/\/fmtinkunaco.ar\/index.php?rest_route=%2Fwp%2Fv2%2Fmedia&parent=6731"}],"wp:term":[{"taxonomy":"category","embeddable":true,"href":"https:\/\/fmtinkunaco.ar\/index.php?rest_route=%2Fwp%2Fv2%2Fcategories&post=6731"},{"taxonomy":"post_tag","embeddable":true,"href":"https:\/\/fmtinkunaco.ar\/index.php?rest_route=%2Fwp%2Fv2%2Ftags&post=6731"}],"curies":[{"name":"wp","href":"https:\/\/api.w.org\/{rel}","templated":true}]}}