{"id":6744,"date":"2024-09-11T14:06:56","date_gmt":"2024-09-11T17:06:56","guid":{"rendered":"https:\/\/fmtinkunaco.ar\/?p=6744"},"modified":"2024-09-11T14:06:57","modified_gmt":"2024-09-11T17:06:57","slug":"curso-de-rcp-y-dea-en-el-destacamento-n1-de-bomberos-de-villa-rosa","status":"publish","type":"post","link":"https:\/\/fmtinkunaco.ar\/?p=6744","title":{"rendered":"Curso de RCP y DEA en el Destacamento N\u00b01 de Bomberos de Villa Rosa"},"content":{"rendered":"\n<p>Bomberos del Destacamento N\u00b0 1 de Villa Rosa, ubicado en Saavedra Lamas 1215, invitan al Curso de RCP y DEA que se realiza el pr\u00f3ximo s\u00e1bado 14 de septiembre.<br><br>Ricardo Gens, es integrante del Cuartel Central de Bomberos de Pilar y referente de la especialidad de Trauma, y se refiri\u00f3 a la iniciativa <em>\u201cLas capacitaciones surgieron ya hace varios a\u00f1os y se realizan siempre en el cuartel central, una vez cada tanto en destacamento o en algunos otros lugares donde lo solicitan y esta vez le toco al Destacamento N\u00b0 1 de Villa Rosa, este a\u00f1o se dieron varias capacitaciones pero todas en cuartel central. Hay varios chicos que pertenecen a la Brigada del Trauma que est\u00e1n en el destacamento de Villa Rosa entonces dijimos, hacemos uno para la comunidad de Villa Rosa y tiene la particularidad este curso, que es libre, vienen directamente y los anotamos el mismo d\u00eda del curso\u201d.<\/em><br><br>Normalmente, cada curso tiene un cupo puntual de 60 personas y apenas es anunciado, se agotan los lugares pero en esta oportunidad decidieron realizarlo sin inscripci\u00f3n previa.<br><br>Gens, remarc\u00f3 uno de los objetivos de estos espacios <em>\u201cNosotros tratamos de compartir toda la informaci\u00f3n que tenemos al respecto, que tratamos de estar actualizados, con lo \u00faltimo, lo \u00faltimo sobre la materia; estos temas se manejan en base a protocolos y los protocolos se renuevan cada 5 a\u00f1os, entonces cualquier modificaci\u00f3n que hay nosotros ya estamos actualizados, tratamos de transmitirlas y tenemos un feed back por parte de los participantes que vienen a las capacitaciones que siempre es s\u00faper positivo\u201d.<\/em><\/p>\n\n\n\n<p>El curso se puede realizar por personas mayores de 14 a\u00f1os, sin l\u00edmite de edad, que tendr\u00e1n luego de realizado el taller un certificado.<br><br>La invitaci\u00f3n es el s\u00e1bado 14 de septiembre, a partir de las 8.30hs en el &nbsp;Destacamento Nro 1, Saavedra Lamas 1215 y Ruta 25, Villa Rosa.<\/p>\n\n\n\n<p>El curso es gratuito pero podes colaborar con donaciones de gasas, vendas, ap\u00f3sitos, curitas, etc.<br><br>Compartimos la entrevista completa<\/p>\n\n\n\n<p><a href=\"https:\/\/archive.org\/details\/audio-ricardo-gens-curso-de-rcp-11-09\">Descargar<\/a><\/p>\n\n\n<p><iframe loading=\"lazy\" src=\"https:\/\/archive.org\/embed\/audio-ricardo-gens-curso-de-rcp-11-09\" width=\"500\" height=\"60\" frameborder=\"0\" webkitallowfullscreen=\"true\" mozallowfullscreen=\"true\" allowfullscreen><\/iframe><\/p>","protected":false},"excerpt":{"rendered":"<p>Bomberos del Destacamento N\u00b0 1 de Villa Rosa, ubicado en Saavedra Lamas 1215, invitan al Curso de RCP y DEA que se realiza el pr\u00f3ximo s\u00e1bado 14 de septiembre. Ricardo Gens, es integrante del Cuartel Central de Bomberos de Pilar y referente de la especialidad de Trauma, y se refiri\u00f3 a la iniciativa \u201cLas capacitaciones [&hellip;]<\/p>\n","protected":false},"author":1,"featured_media":6745,"comment_status":"open","ping_status":"open","sticky":false,"template":"","format":"standard","meta":{"footnotes":""},"categories":[5],"tags":[],"class_list":["post-6744","post","type-post","status-publish","format-standard","has-post-thumbnail","hentry","category-educacion"],"_links":{"self":[{"href":"https:\/\/fmtinkunaco.ar\/index.php?rest_route=\/wp\/v2\/posts\/6744","targetHints":{"allow":["GET"]}}],"collection":[{"href":"https:\/\/fmtinkunaco.ar\/index.php?rest_route=\/wp\/v2\/posts"}],"about":[{"href":"https:\/\/fmtinkunaco.ar\/index.php?rest_route=\/wp\/v2\/types\/post"}],"author":[{"embeddable":true,"href":"https:\/\/fmtinkunaco.ar\/index.php?rest_route=\/wp\/v2\/users\/1"}],"replies":[{"embeddable":true,"href":"https:\/\/fmtinkunaco.ar\/index.php?rest_route=%2Fwp%2Fv2%2Fcomments&post=6744"}],"version-history":[{"count":1,"href":"https:\/\/fmtinkunaco.ar\/index.php?rest_route=\/wp\/v2\/posts\/6744\/revisions"}],"predecessor-version":[{"id":6746,"href":"https:\/\/fmtinkunaco.ar\/index.php?rest_route=\/wp\/v2\/posts\/6744\/revisions\/6746"}],"wp:featuredmedia":[{"embeddable":true,"href":"https:\/\/fmtinkunaco.ar\/index.php?rest_route=\/wp\/v2\/media\/6745"}],"wp:attachment":[{"href":"https:\/\/fmtinkunaco.ar\/index.php?rest_route=%2Fwp%2Fv2%2Fmedia&parent=6744"}],"wp:term":[{"taxonomy":"category","embeddable":true,"href":"https:\/\/fmtinkunaco.ar\/index.php?rest_route=%2Fwp%2Fv2%2Fcategories&post=6744"},{"taxonomy":"post_tag","embeddable":true,"href":"https:\/\/fmtinkunaco.ar\/index.php?rest_route=%2Fwp%2Fv2%2Ftags&post=6744"}],"curies":[{"name":"wp","href":"https:\/\/api.w.org\/{rel}","templated":true}]}}