{"id":6758,"date":"2024-09-13T13:08:58","date_gmt":"2024-09-13T16:08:58","guid":{"rendered":"https:\/\/fmtinkunaco.ar\/?p=6758"},"modified":"2024-09-13T13:08:58","modified_gmt":"2024-09-13T16:08:58","slug":"represion-en-el-congreso-contra-manifestantes-por-el-veto-protestar-no-es-delito-es-un-derecho","status":"publish","type":"post","link":"https:\/\/fmtinkunaco.ar\/?p=6758","title":{"rendered":"Represi\u00f3n en el Congreso contra manifestantes por el Veto: \u201cProtestar no es delito, es un derecho\u201d"},"content":{"rendered":"\n<p>La votaci\u00f3n del 11 de septiembre en la C\u00e1mara de diputados permiti\u00f3 mantener el Veto del Poder ejecutivo frente a la Ley de Movilidad Jubilatoria.<\/p>\n\n\n\n<p>En el marco de esta votaci\u00f3n, fuerzas de seguridad arremetieron y reprimieron con gases, palos y balas de goma a manifestantes pac\u00edficos, entre ellos jubilados, ni\u00f1os y trabajadores de prensa.&nbsp;&nbsp;<\/p>\n\n\n\n<p>Ana Tapia, integrante de Jubilados Insurgentes se refiri\u00f3&nbsp; a la situaci\u00f3n <em>\u201cQue alguien nos explique a todos c\u00f3mo pagamos tarifas de 100.000 pesos con una canasta b\u00e1sica que no sirve para nada, 233.000 m\u00e1s un bono, m\u00e1s un descuento de la obra social (\u2026) C\u00f3mo pueden ser estas tarifas, hace 8 meses que esta y no se est\u00e1 entendiendo que la gente no puede sobrevivir si no le das el c\u00f3mo, no solo con los jubilados, con la discapacidad, con el \u00e1rea de salud, para la educaci\u00f3n. Para lo \u00fanico que hay plata y mucha es para la represi\u00f3n, ah\u00ed se invierte\u201d.<\/em><\/p>\n\n\n\n<p>Para continuar con la lucha Ana Tapia convoca a seguir movilizando <em>\u201cSe sigue con todos los mi\u00e9rcoles, nos encontramos sobre la calle Rivadavia, a media cuadra de Callao en la puerta del anexo todos los mi\u00e9rcoles de 15 a 16hs\u201d.<\/em><\/p>\n\n\n\n<p>Por \u00faltimo, Tapia cierra la entrevista comentando <em>\u201cBuscan que tengamos miedo, que nos quedemos en nuestras casas. Protestar no es un delito, es un derecho\u201d.<\/em><\/p>\n\n\n\n<p>Entrevista completa<\/p>\n\n\n\n<p><a href=\"https:\/\/archive.org\/details\/entrevista-ana-tapia-13-09-24\">Descargar<\/a><\/p>\n\n\n<p><iframe loading=\"lazy\" src=\"https:\/\/archive.org\/embed\/entrevista-ana-tapia-13-09-24\" width=\"500\" height=\"60\" frameborder=\"0\" webkitallowfullscreen=\"true\" mozallowfullscreen=\"true\" allowfullscreen><\/iframe><\/p>","protected":false},"excerpt":{"rendered":"<p>La votaci\u00f3n del 11 de septiembre en la C\u00e1mara de diputados permiti\u00f3 mantener el Veto del Poder ejecutivo frente a la Ley de Movilidad Jubilatoria. En el marco de esta votaci\u00f3n, fuerzas de seguridad arremetieron y reprimieron con gases, palos y balas de goma a manifestantes pac\u00edficos, entre ellos jubilados, ni\u00f1os y trabajadores de prensa.&nbsp;&nbsp; [&hellip;]<\/p>\n","protected":false},"author":1,"featured_media":6759,"comment_status":"open","ping_status":"open","sticky":false,"template":"","format":"standard","meta":{"footnotes":""},"categories":[4],"tags":[],"class_list":["post-6758","post","type-post","status-publish","format-standard","has-post-thumbnail","hentry","category-derechos-humanos"],"_links":{"self":[{"href":"https:\/\/fmtinkunaco.ar\/index.php?rest_route=\/wp\/v2\/posts\/6758","targetHints":{"allow":["GET"]}}],"collection":[{"href":"https:\/\/fmtinkunaco.ar\/index.php?rest_route=\/wp\/v2\/posts"}],"about":[{"href":"https:\/\/fmtinkunaco.ar\/index.php?rest_route=\/wp\/v2\/types\/post"}],"author":[{"embeddable":true,"href":"https:\/\/fmtinkunaco.ar\/index.php?rest_route=\/wp\/v2\/users\/1"}],"replies":[{"embeddable":true,"href":"https:\/\/fmtinkunaco.ar\/index.php?rest_route=%2Fwp%2Fv2%2Fcomments&post=6758"}],"version-history":[{"count":1,"href":"https:\/\/fmtinkunaco.ar\/index.php?rest_route=\/wp\/v2\/posts\/6758\/revisions"}],"predecessor-version":[{"id":6760,"href":"https:\/\/fmtinkunaco.ar\/index.php?rest_route=\/wp\/v2\/posts\/6758\/revisions\/6760"}],"wp:featuredmedia":[{"embeddable":true,"href":"https:\/\/fmtinkunaco.ar\/index.php?rest_route=\/wp\/v2\/media\/6759"}],"wp:attachment":[{"href":"https:\/\/fmtinkunaco.ar\/index.php?rest_route=%2Fwp%2Fv2%2Fmedia&parent=6758"}],"wp:term":[{"taxonomy":"category","embeddable":true,"href":"https:\/\/fmtinkunaco.ar\/index.php?rest_route=%2Fwp%2Fv2%2Fcategories&post=6758"},{"taxonomy":"post_tag","embeddable":true,"href":"https:\/\/fmtinkunaco.ar\/index.php?rest_route=%2Fwp%2Fv2%2Ftags&post=6758"}],"curies":[{"name":"wp","href":"https:\/\/api.w.org\/{rel}","templated":true}]}}