{"id":6764,"date":"2024-09-18T10:42:26","date_gmt":"2024-09-18T13:42:26","guid":{"rendered":"https:\/\/fmtinkunaco.ar\/?p=6764"},"modified":"2024-09-18T10:42:59","modified_gmt":"2024-09-18T13:42:59","slug":"no-hay-educacion-sin-educadores-estudiantes-y-docentes-del-isfd-26-reclaman-un-edificio-propio","status":"publish","type":"post","link":"https:\/\/fmtinkunaco.ar\/?p=6764","title":{"rendered":"Estudiantes y Docentes del ISFD 26 Reclaman un Edificio Propio \u00abNo hay Educaci\u00f3n sin Educadores\u00bb"},"content":{"rendered":"\n<p>El Instituto Superior en Formaci\u00f3n Docente, luego de m\u00e1s de 33 a\u00f1os formando docentes en edificios prestados, gracias a la lucha de docentes y estudiantes confirmaron la construcci\u00f3n de un edificio propio.<\/p>\n\n\n\n<p>Prestaciones adecuadas, servicios dignos y mejores horarios son algunos de los reclamos por la edificaci\u00f3n del Instituto. En una entrevista con el Noticiero, Melina Paz, estudiante del Instituto mencionaba \u201c<em>Las escuelas al ser primarias no est\u00e1n dise\u00f1adas para la cantidad de personas que somos, las chicas de inicial se sientan en el piso, en el pasillo\u201d.<\/em><\/p>\n\n\n\n<p>Luego de varias movilizaciones por parte del cuerpo docente y estudiantil, se logr\u00f3 un acuerdo con la Secretar\u00eda de Gobierno de la Municipalidad para la construcci\u00f3n de un edificio.<\/p>\n\n\n\n<p>Frente a esto, Paz responde \u201c<em>Me encantar\u00eda que esto sea cierto y que lo construya la municipalidad, que lo construya la Provincia, no importa qui\u00e9n pero tengamos nuestro lugar para ir a estudiar, a cursar, a formarnos. <\/em>(\u2026) <em>Realizar un proyecto, presentarlo en el Consejo Deliberante y que se apruebe. Que tenga car\u00e1cter, que tenga seriedad que no sea una promesa al aire\u201d.<\/em><\/p>\n\n\n\n<p>Entrevista Completa<\/p>\n\n\n<p><iframe loading=\"lazy\" src=\"https:\/\/archive.org\/embed\/entrevista-melina-paz-18-09-24\" width=\"500\" height=\"60\" frameborder=\"0\" webkitallowfullscreen=\"true\" mozallowfullscreen=\"true\" allowfullscreen><\/iframe><\/p>\n\n\n<p><a href=\"https:\/\/archive.org\/details\/entrevista-melina-paz-18-09-24\" data-type=\"link\" data-id=\"https:\/\/archive.org\/details\/entrevista-melina-paz-18-09-24\">Descargar<\/a><\/p>\n","protected":false},"excerpt":{"rendered":"<p>El Instituto Superior en Formaci\u00f3n Docente, luego de m\u00e1s de 33 a\u00f1os formando docentes en edificios prestados, gracias a la lucha de docentes y estudiantes confirmaron la construcci\u00f3n de un edificio propio. Prestaciones adecuadas, servicios dignos y mejores horarios son algunos de los reclamos por la edificaci\u00f3n del Instituto. En una entrevista con el Noticiero, [&hellip;]<\/p>\n","protected":false},"author":1,"featured_media":6765,"comment_status":"open","ping_status":"open","sticky":false,"template":"","format":"standard","meta":{"footnotes":""},"categories":[5],"tags":[],"class_list":["post-6764","post","type-post","status-publish","format-standard","has-post-thumbnail","hentry","category-educacion"],"_links":{"self":[{"href":"https:\/\/fmtinkunaco.ar\/index.php?rest_route=\/wp\/v2\/posts\/6764","targetHints":{"allow":["GET"]}}],"collection":[{"href":"https:\/\/fmtinkunaco.ar\/index.php?rest_route=\/wp\/v2\/posts"}],"about":[{"href":"https:\/\/fmtinkunaco.ar\/index.php?rest_route=\/wp\/v2\/types\/post"}],"author":[{"embeddable":true,"href":"https:\/\/fmtinkunaco.ar\/index.php?rest_route=\/wp\/v2\/users\/1"}],"replies":[{"embeddable":true,"href":"https:\/\/fmtinkunaco.ar\/index.php?rest_route=%2Fwp%2Fv2%2Fcomments&post=6764"}],"version-history":[{"count":2,"href":"https:\/\/fmtinkunaco.ar\/index.php?rest_route=\/wp\/v2\/posts\/6764\/revisions"}],"predecessor-version":[{"id":6767,"href":"https:\/\/fmtinkunaco.ar\/index.php?rest_route=\/wp\/v2\/posts\/6764\/revisions\/6767"}],"wp:featuredmedia":[{"embeddable":true,"href":"https:\/\/fmtinkunaco.ar\/index.php?rest_route=\/wp\/v2\/media\/6765"}],"wp:attachment":[{"href":"https:\/\/fmtinkunaco.ar\/index.php?rest_route=%2Fwp%2Fv2%2Fmedia&parent=6764"}],"wp:term":[{"taxonomy":"category","embeddable":true,"href":"https:\/\/fmtinkunaco.ar\/index.php?rest_route=%2Fwp%2Fv2%2Fcategories&post=6764"},{"taxonomy":"post_tag","embeddable":true,"href":"https:\/\/fmtinkunaco.ar\/index.php?rest_route=%2Fwp%2Fv2%2Ftags&post=6764"}],"curies":[{"name":"wp","href":"https:\/\/api.w.org\/{rel}","templated":true}]}}