{"id":6768,"date":"2024-09-20T10:28:01","date_gmt":"2024-09-20T13:28:01","guid":{"rendered":"https:\/\/fmtinkunaco.ar\/?p=6768"},"modified":"2024-09-20T10:28:01","modified_gmt":"2024-09-20T13:28:01","slug":"dia-de-la-educacion-popular-y-comunitaria","status":"publish","type":"post","link":"https:\/\/fmtinkunaco.ar\/?p=6768","title":{"rendered":"D\u00eda de la Educaci\u00f3n Popular y Comunitaria"},"content":{"rendered":"\n<p>Cada a\u00f1o, organizaciones y centros comunitarios celebran el 19 de Septiembre como D\u00eda de la Educaci\u00f3n Popular y Comunitaria, eligiendo esta fecha a partir del nacimiento de Paulo Freire, considerado uno de los pedagogos m\u00e1s importantes del siglo XX.<br><br>En este marco, los centros comunitarios nucleados en la Red de Centros Comunitarios El Encuentro decidieron sumarse a la Ronda de las Madres y Abuelas de Plaza de Mayo con el objetivo de visibilizar el trabajo y buscar el reconocimiento exigido.<\/p>\n\n\n\n<p>Adem\u00e1s, &nbsp;aprovechar el d\u00eda para acompa\u00f1ar a las Madres y Abuelas, levantando la bandera de los Derechos Humanos, como uno de los pilares de la educaci\u00f3n popular y comunitaria.<br><br>Mari Ro, integrante de la Red El Encuentro del partido de Jos\u00e9. C. Paz, relat\u00f3 el significado de Educaci\u00f3n Popular <em>\u201cLa Educaci\u00f3n Popular es contracultura para m\u00ed, es poder salir de lo establecido y ver qu\u00e9 tipos de personas queremos formar entre todos. La construcci\u00f3n del poder popular, y poder ser cr\u00edticos y hacer lecturas de la realidad desde el juego, desde los primeros a\u00f1os, desde el vinculo, son un mont\u00f3n de factores que pueden definir a la Educaci\u00f3n Popular dentro de la complejidad de nuestras realidades\u201d.<\/em><br><br>Adem\u00e1s, Mar\u00ed Ro, comparti\u00f3 el trabajo cotidiano <em>\u201cPor lo general nosotras entramos al centro tempanito, preparamos todo para un buen desayuno, las actividades pedag\u00f3gicas porque bueno las pensamos y vemos para que lado queremos ir. Y desde las diferentes herramientas que van surgiendo trabajamos con los pibes, tambi\u00e9n trabajamos con las familias haciendo compartidas, charlas, acompa\u00f1\u00e1ndolas en situaciones m\u00e1s complejas; despu\u00e9s hay mucho laburo entre compa\u00f1eros, en ver c\u00f3mo nos organizamos, como tomamos decisiones, como nos dividimos tareas, no es solamente lo alimenticia y las tareas pedag\u00f3gicas sino todo lo que va surgiendo con la comunidad sobre todo en estas \u00e9pocas de crisis donde los dispositivos del estado est\u00e1n flaqueando\u201d.<\/em><br><br>Finalmente, Mari Ro, remarco la importancia de tener un d\u00eda que los represente <em>\u201cEs una forma de reivindicarnos como trabajadores, de visibilizar nuestro laburo, la necesidad de salir a las calles y decir ac\u00e1 estamos con nuestro trabajo territorial y nuestra propuesta\u201d.<\/em><\/p>\n\n\n\n<p>Compartimos la entrevista completa<\/p>\n\n\n\n<p><a href=\"https:\/\/archive.org\/details\/audio-mari-ro-red-el-encuentro-20-09\">Descargar<\/a><\/p>\n\n\n<p><iframe loading=\"lazy\" src=\"https:\/\/archive.org\/embed\/audio-mari-ro-red-el-encuentro-20-09\" width=\"500\" height=\"60\" frameborder=\"0\" webkitallowfullscreen=\"true\" mozallowfullscreen=\"true\" allowfullscreen><\/iframe><\/p>","protected":false},"excerpt":{"rendered":"<p>Cada a\u00f1o, organizaciones y centros comunitarios celebran el 19 de Septiembre como D\u00eda de la Educaci\u00f3n Popular y Comunitaria, eligiendo esta fecha a partir del nacimiento de Paulo Freire, considerado uno de los pedagogos m\u00e1s importantes del siglo XX. En este marco, los centros comunitarios nucleados en la Red de Centros Comunitarios El Encuentro decidieron [&hellip;]<\/p>\n","protected":false},"author":1,"featured_media":6769,"comment_status":"open","ping_status":"open","sticky":false,"template":"","format":"standard","meta":{"footnotes":""},"categories":[4],"tags":[],"class_list":["post-6768","post","type-post","status-publish","format-standard","has-post-thumbnail","hentry","category-derechos-humanos"],"_links":{"self":[{"href":"https:\/\/fmtinkunaco.ar\/index.php?rest_route=\/wp\/v2\/posts\/6768","targetHints":{"allow":["GET"]}}],"collection":[{"href":"https:\/\/fmtinkunaco.ar\/index.php?rest_route=\/wp\/v2\/posts"}],"about":[{"href":"https:\/\/fmtinkunaco.ar\/index.php?rest_route=\/wp\/v2\/types\/post"}],"author":[{"embeddable":true,"href":"https:\/\/fmtinkunaco.ar\/index.php?rest_route=\/wp\/v2\/users\/1"}],"replies":[{"embeddable":true,"href":"https:\/\/fmtinkunaco.ar\/index.php?rest_route=%2Fwp%2Fv2%2Fcomments&post=6768"}],"version-history":[{"count":1,"href":"https:\/\/fmtinkunaco.ar\/index.php?rest_route=\/wp\/v2\/posts\/6768\/revisions"}],"predecessor-version":[{"id":6770,"href":"https:\/\/fmtinkunaco.ar\/index.php?rest_route=\/wp\/v2\/posts\/6768\/revisions\/6770"}],"wp:featuredmedia":[{"embeddable":true,"href":"https:\/\/fmtinkunaco.ar\/index.php?rest_route=\/wp\/v2\/media\/6769"}],"wp:attachment":[{"href":"https:\/\/fmtinkunaco.ar\/index.php?rest_route=%2Fwp%2Fv2%2Fmedia&parent=6768"}],"wp:term":[{"taxonomy":"category","embeddable":true,"href":"https:\/\/fmtinkunaco.ar\/index.php?rest_route=%2Fwp%2Fv2%2Fcategories&post=6768"},{"taxonomy":"post_tag","embeddable":true,"href":"https:\/\/fmtinkunaco.ar\/index.php?rest_route=%2Fwp%2Fv2%2Ftags&post=6768"}],"curies":[{"name":"wp","href":"https:\/\/api.w.org\/{rel}","templated":true}]}}