{"id":6771,"date":"2024-09-25T13:09:08","date_gmt":"2024-09-25T16:09:08","guid":{"rendered":"https:\/\/fmtinkunaco.ar\/?p=6771"},"modified":"2024-09-25T13:09:08","modified_gmt":"2024-09-25T16:09:08","slug":"vandalizaron-el-caps-trailer-favaloro-en-el-cic-de-lamas","status":"publish","type":"post","link":"https:\/\/fmtinkunaco.ar\/?p=6771","title":{"rendered":"Vandalizaron el CAPS Tr\u00e1iler Favaloro en el CIC de Lamas"},"content":{"rendered":"\n<p>Personal de salud del Centro de Atenci\u00f3n Primaria de la Salud Tr\u00e1iler Favaloro que funciona en el CIC de Lamas se encontr\u00f3 con la vandalizaci\u00f3n de su lugar de trabajo a primera hora del d\u00eda lunes.<br><br>Silvia Jaimez, es trabajadora del Tr\u00e1iler Favaloro, y se refiri\u00f3 a la situaci\u00f3n <em>\u201cLo acontecido en estos d\u00edas fue muy devastador, muy triste, para todo el conjunto de personas que estamos ac\u00e1 trabajando d\u00eda a d\u00eda poni\u00e9ndole el pecho y el coraz\u00f3n para la comunidad que es a quien nosotros tenemos que tener siempre presente y firmes para con ellos. El d\u00eda viernes hubo un evento maravilloso, la gente de la comunidad contenta, estuvo el CIC desbordado. Se realiz\u00f3 vacunaci\u00f3n, controles, estuvo la parte de obstetricia y el d\u00eda s\u00e1bado recibimos la noticia, fotos, videos del vandalismo, han provocado destrozos en el CIC, en el lugar de trabajo, como siempre digo es el pulm\u00f3n de la comunidad el lugar y afecto a muchas personas, a nosotros como profesionales pero no bajamos los brazos en ning\u00fan momento\u201d.<\/em><br><br>Jaimez, cont\u00f3 que a pesar del echo hoy se encuentran funcionando normalmente <em>\u201cHoy estamos, nuevamente, reconstruyendo el lugar de a poquito. (\u2026) Los compa\u00f1eros se encargaron de reconstruir todo, el tema limpieza y levantar nuevamente el Cic que eso fue lo que se pudo lograr\u201d.<\/em><\/p>\n\n\n\n<p>En CAPS tiene todo lo disponible para seguir atendiendo la demanda de la comunidad.<\/p>\n\n\n\n<p>Compartimos la entrevista completa<\/p>\n\n\n\n<p><a href=\"https:\/\/archive.org\/details\/audio-silvia-jaimez-caps-favaloro-25-09\">Descargar<\/a><\/p>\n\n\n<p><iframe loading=\"lazy\" src=\"https:\/\/archive.org\/embed\/audio-silvia-jaimez-caps-favaloro-25-09\" width=\"500\" height=\"60\" frameborder=\"0\" allowfullscreen=\"allowfullscreen\"><\/iframe><\/p>","protected":false},"excerpt":{"rendered":"<p>Personal de salud del Centro de Atenci\u00f3n Primaria de la Salud Tr\u00e1iler Favaloro que funciona en el CIC de Lamas se encontr\u00f3 con la vandalizaci\u00f3n de su lugar de trabajo a primera hora del d\u00eda lunes. Silvia Jaimez, es trabajadora del Tr\u00e1iler Favaloro, y se refiri\u00f3 a la situaci\u00f3n \u201cLo acontecido en estos d\u00edas fue [&hellip;]<\/p>\n","protected":false},"author":1,"featured_media":6772,"comment_status":"open","ping_status":"open","sticky":false,"template":"","format":"standard","meta":{"footnotes":""},"categories":[7],"tags":[],"class_list":["post-6771","post","type-post","status-publish","format-standard","has-post-thumbnail","hentry","category-salud"],"_links":{"self":[{"href":"https:\/\/fmtinkunaco.ar\/index.php?rest_route=\/wp\/v2\/posts\/6771","targetHints":{"allow":["GET"]}}],"collection":[{"href":"https:\/\/fmtinkunaco.ar\/index.php?rest_route=\/wp\/v2\/posts"}],"about":[{"href":"https:\/\/fmtinkunaco.ar\/index.php?rest_route=\/wp\/v2\/types\/post"}],"author":[{"embeddable":true,"href":"https:\/\/fmtinkunaco.ar\/index.php?rest_route=\/wp\/v2\/users\/1"}],"replies":[{"embeddable":true,"href":"https:\/\/fmtinkunaco.ar\/index.php?rest_route=%2Fwp%2Fv2%2Fcomments&post=6771"}],"version-history":[{"count":1,"href":"https:\/\/fmtinkunaco.ar\/index.php?rest_route=\/wp\/v2\/posts\/6771\/revisions"}],"predecessor-version":[{"id":6773,"href":"https:\/\/fmtinkunaco.ar\/index.php?rest_route=\/wp\/v2\/posts\/6771\/revisions\/6773"}],"wp:featuredmedia":[{"embeddable":true,"href":"https:\/\/fmtinkunaco.ar\/index.php?rest_route=\/wp\/v2\/media\/6772"}],"wp:attachment":[{"href":"https:\/\/fmtinkunaco.ar\/index.php?rest_route=%2Fwp%2Fv2%2Fmedia&parent=6771"}],"wp:term":[{"taxonomy":"category","embeddable":true,"href":"https:\/\/fmtinkunaco.ar\/index.php?rest_route=%2Fwp%2Fv2%2Fcategories&post=6771"},{"taxonomy":"post_tag","embeddable":true,"href":"https:\/\/fmtinkunaco.ar\/index.php?rest_route=%2Fwp%2Fv2%2Ftags&post=6771"}],"curies":[{"name":"wp","href":"https:\/\/api.w.org\/{rel}","templated":true}]}}