{"id":6774,"date":"2024-09-26T10:48:16","date_gmt":"2024-09-26T13:48:16","guid":{"rendered":"https:\/\/fmtinkunaco.ar\/?p=6774"},"modified":"2024-09-26T10:48:38","modified_gmt":"2024-09-26T13:48:38","slug":"el-centro-comunitario-belen-festeja-40-anos-de","status":"publish","type":"post","link":"https:\/\/fmtinkunaco.ar\/?p=6774","title":{"rendered":"El Centro Comunitario Bel\u00e9n Festeja 40 a\u00f1os de"},"content":{"rendered":"\n<p>&nbsp;Resistencia Colectiva<\/p>\n\n\n\n<p>Este pr\u00f3ximo s\u00e1bado 28 de septiembre el Centro Comunitario Bel\u00e9n ubicado en Jos\u00e9 C. Paz va a realizar un festejo por sus 40 a\u00f1os de trabajo comunitario. Ser\u00e1 entre las calles San Salvador y Carabobo &nbsp;a partir de las 14hs.<\/p>\n\n\n\n<p>Tambi\u00e9n se realizar\u00e1n murales desde la Biblioteca Paulo Freire el mi\u00e9rcoles, jueves y viernes de la misma semana en diferentes puntos del barrio. El s\u00e1bado se realizar\u00e1 el \u00faltimo mural durante el Festejo.<\/p>\n\n\n\n<p>Dentro del Festival habr\u00e1 presentaciones de baile y m\u00fasica en vivo, adem\u00e1s de radio abierta. Adem\u00e1s \u00e9ste contar\u00e1 con Feria de emprendedores, Buffet econ\u00f3mico, Olla popular y serigraf\u00eda.<\/p>\n\n\n\n<p>Para la olla popular podes traer platos y cubiertos, para el estampado de serigraf\u00eda alguna remera o tela.<\/p>\n\n\n\n<p>Es con entrada libre y gratuita.<\/p>\n\n\n\n<p>Compartimos la invitaci\u00f3n<\/p>\n\n\n<div class=\"wp-block-image\">\n<figure class=\"aligncenter size-large is-resized\"><img loading=\"lazy\" decoding=\"async\" width=\"1024\" height=\"1024\" src=\"https:\/\/fmtinkunaco.ar\/wp-content\/uploads\/2024\/09\/WhatsApp-Image-2024-09-26-at-10.47.05-1024x1024.jpeg\" alt=\"\" class=\"wp-image-6776\" style=\"aspect-ratio:1;width:528px;height:auto\" srcset=\"https:\/\/fmtinkunaco.ar\/wp-content\/uploads\/2024\/09\/WhatsApp-Image-2024-09-26-at-10.47.05-1024x1024.jpeg 1024w, https:\/\/fmtinkunaco.ar\/wp-content\/uploads\/2024\/09\/WhatsApp-Image-2024-09-26-at-10.47.05-300x300.jpeg 300w, https:\/\/fmtinkunaco.ar\/wp-content\/uploads\/2024\/09\/WhatsApp-Image-2024-09-26-at-10.47.05-150x150.jpeg 150w, https:\/\/fmtinkunaco.ar\/wp-content\/uploads\/2024\/09\/WhatsApp-Image-2024-09-26-at-10.47.05-768x768.jpeg 768w, https:\/\/fmtinkunaco.ar\/wp-content\/uploads\/2024\/09\/WhatsApp-Image-2024-09-26-at-10.47.05-1536x1536.jpeg 1536w, https:\/\/fmtinkunaco.ar\/wp-content\/uploads\/2024\/09\/WhatsApp-Image-2024-09-26-at-10.47.05.jpeg 1600w\" sizes=\"auto, (max-width: 1024px) 100vw, 1024px\" \/><\/figure>\n<\/div>\n\n<p><iframe loading=\"lazy\" src=\"https:\/\/archive.org\/embed\/spot-40-an-os-chicos\" width=\"500\" height=\"60\" frameborder=\"0\" webkitallowfullscreen=\"true\" mozallowfullscreen=\"true\" allowfullscreen><\/iframe><\/p>\n\n\n<p><a href=\"https:\/\/archive.org\/details\/spot-40-an-os-chicos\" data-type=\"link\" data-id=\"https:\/\/archive.org\/details\/spot-40-an-os-chicos\">Descargar <\/a><\/p>\n","protected":false},"excerpt":{"rendered":"<p>&nbsp;Resistencia Colectiva Este pr\u00f3ximo s\u00e1bado 28 de septiembre el Centro Comunitario Bel\u00e9n ubicado en Jos\u00e9 C. Paz va a realizar un festejo por sus 40 a\u00f1os de trabajo comunitario. Ser\u00e1 entre las calles San Salvador y Carabobo &nbsp;a partir de las 14hs. Tambi\u00e9n se realizar\u00e1n murales desde la Biblioteca Paulo Freire el mi\u00e9rcoles, jueves y [&hellip;]<\/p>\n","protected":false},"author":1,"featured_media":6775,"comment_status":"open","ping_status":"open","sticky":false,"template":"","format":"standard","meta":{"footnotes":""},"categories":[1],"tags":[],"class_list":["post-6774","post","type-post","status-publish","format-standard","has-post-thumbnail","hentry","category-blog"],"_links":{"self":[{"href":"https:\/\/fmtinkunaco.ar\/index.php?rest_route=\/wp\/v2\/posts\/6774","targetHints":{"allow":["GET"]}}],"collection":[{"href":"https:\/\/fmtinkunaco.ar\/index.php?rest_route=\/wp\/v2\/posts"}],"about":[{"href":"https:\/\/fmtinkunaco.ar\/index.php?rest_route=\/wp\/v2\/types\/post"}],"author":[{"embeddable":true,"href":"https:\/\/fmtinkunaco.ar\/index.php?rest_route=\/wp\/v2\/users\/1"}],"replies":[{"embeddable":true,"href":"https:\/\/fmtinkunaco.ar\/index.php?rest_route=%2Fwp%2Fv2%2Fcomments&post=6774"}],"version-history":[{"count":2,"href":"https:\/\/fmtinkunaco.ar\/index.php?rest_route=\/wp\/v2\/posts\/6774\/revisions"}],"predecessor-version":[{"id":6961,"href":"https:\/\/fmtinkunaco.ar\/index.php?rest_route=\/wp\/v2\/posts\/6774\/revisions\/6961"}],"wp:featuredmedia":[{"embeddable":true,"href":"https:\/\/fmtinkunaco.ar\/index.php?rest_route=\/wp\/v2\/media\/6775"}],"wp:attachment":[{"href":"https:\/\/fmtinkunaco.ar\/index.php?rest_route=%2Fwp%2Fv2%2Fmedia&parent=6774"}],"wp:term":[{"taxonomy":"category","embeddable":true,"href":"https:\/\/fmtinkunaco.ar\/index.php?rest_route=%2Fwp%2Fv2%2Fcategories&post=6774"},{"taxonomy":"post_tag","embeddable":true,"href":"https:\/\/fmtinkunaco.ar\/index.php?rest_route=%2Fwp%2Fv2%2Ftags&post=6774"}],"curies":[{"name":"wp","href":"https:\/\/api.w.org\/{rel}","templated":true}]}}