{"id":6779,"date":"2024-10-03T10:08:01","date_gmt":"2024-10-03T13:08:01","guid":{"rendered":"https:\/\/fmtinkunaco.ar\/?p=6779"},"modified":"2024-10-03T10:08:52","modified_gmt":"2024-10-03T13:08:52","slug":"jornada-de-lucha-en-discapacidad","status":"publish","type":"post","link":"https:\/\/fmtinkunaco.ar\/?p=6779","title":{"rendered":"Jornada de Lucha en Discapacidad"},"content":{"rendered":"\n<p>Diferentes organizaciones que conforman el colectivo de discapacidad formaron parte de una conferencia de prensa y concentraci\u00f3n reclamando al gobierno por 350 trabajadores de la ANDIS (Agencia Nacional de Discapacidad) despedidos sin justificaci\u00f3n.<\/p>\n\n\n\n<p>Los despidos sin embargo son solo una parte del problema, seg\u00fan Maive Cardone, ex trabajadora de ANDIS, el problema tambi\u00e9n radica en \u201cla des jerarquizaci\u00f3n del organismo que originalmente estaba en el \u00e1mbito de la Secretar\u00eda General de la Presidencia, que a partir del 10 de diciembre pasa a la Jefatura de Gabinete de Ministro y hace poco pasa al Ministerio de Salud. Esto habla de la separaci\u00f3n con la presidencia, con la partida presupuestaria que le toca a partir de eso y habla de un giro de perspectiva, cada vez m\u00e1s ligado a que la discapacidad es algo a ser rehabilitado (\u2026) Entendemos que la discapacidad es un tema social, &nbsp;se genera en un contexto y es situacional. Tiene que ver con la existencia de barreras altitudinales, arquitect\u00f3nicas, comunicacionales. No es algo a ser rehabilitado\u201d.<\/p>\n\n\n\n<p>Por \u00faltimo, Cardone tambi\u00e9n aclara que \u201cAl ubicar la Agencia en el Ministerio de salud lo que hace es acortar, achicar la incumbencia del organismo y restringirla a ese \u00e1mbito en particular\u201d.<\/p>\n\n\n\n<p>La concentraci\u00f3n tuvo lugar el Lunes 30 en la tercera sede de la Capital Federal de la Agencia Nacional de Discapacidad (Rivadavia 879, CABA).<\/p>\n\n\n\n<p>Con respecto a la movilizaci\u00f3n, Cardone menciona \u201cLa idea era poder dar cuenta del conflicto de la manera m\u00e1s amplia posible y poder demostrar que somos muchas las personas que somos parte del colectivo, las personas con discapacidad\u201d.<\/p>\n\n\n<div class=\"wp-block-image\">\n<figure class=\"aligncenter size-large is-resized\"><img loading=\"lazy\" decoding=\"async\" width=\"1024\" height=\"1024\" src=\"https:\/\/fmtinkunaco.ar\/wp-content\/uploads\/2024\/10\/1e92b1b1-03dd-43be-897a-e459aa512450-1024x1024.jpeg\" alt=\"\" class=\"wp-image-6782\" style=\"aspect-ratio:1;width:450px;height:auto\" srcset=\"https:\/\/fmtinkunaco.ar\/wp-content\/uploads\/2024\/10\/1e92b1b1-03dd-43be-897a-e459aa512450-1024x1024.jpeg 1024w, https:\/\/fmtinkunaco.ar\/wp-content\/uploads\/2024\/10\/1e92b1b1-03dd-43be-897a-e459aa512450-300x300.jpeg 300w, https:\/\/fmtinkunaco.ar\/wp-content\/uploads\/2024\/10\/1e92b1b1-03dd-43be-897a-e459aa512450-150x150.jpeg 150w, https:\/\/fmtinkunaco.ar\/wp-content\/uploads\/2024\/10\/1e92b1b1-03dd-43be-897a-e459aa512450-768x768.jpeg 768w, https:\/\/fmtinkunaco.ar\/wp-content\/uploads\/2024\/10\/1e92b1b1-03dd-43be-897a-e459aa512450.jpeg 1080w\" sizes=\"auto, (max-width: 1024px) 100vw, 1024px\" \/><\/figure>\n<\/div>\n\n\n<p>Entrevista Completa<\/p>\n\n\n<p><iframe loading=\"lazy\" src=\"https:\/\/archive.org\/embed\/entrevista-maive-cardone-02-10-24\" width=\"500\" height=\"60\" frameborder=\"0\" webkitallowfullscreen=\"true\" mozallowfullscreen=\"true\" allowfullscreen><\/iframe><\/p>\n\n\n<p><a href=\"https:\/\/archive.org\/details\/entrevista-maive-cardone-02-10-24\" data-type=\"link\" data-id=\"https:\/\/archive.org\/details\/entrevista-maive-cardone-02-10-24\">Descargar<\/a><\/p>\n","protected":false},"excerpt":{"rendered":"<p>Diferentes organizaciones que conforman el colectivo de discapacidad formaron parte de una conferencia de prensa y concentraci\u00f3n reclamando al gobierno por 350 trabajadores de la ANDIS (Agencia Nacional de Discapacidad) despedidos sin justificaci\u00f3n. Los despidos sin embargo son solo una parte del problema, seg\u00fan Maive Cardone, ex trabajadora de ANDIS, el problema tambi\u00e9n radica en [&hellip;]<\/p>\n","protected":false},"author":1,"featured_media":6780,"comment_status":"open","ping_status":"open","sticky":false,"template":"","format":"standard","meta":{"footnotes":""},"categories":[4],"tags":[],"class_list":["post-6779","post","type-post","status-publish","format-standard","has-post-thumbnail","hentry","category-derechos-humanos"],"_links":{"self":[{"href":"https:\/\/fmtinkunaco.ar\/index.php?rest_route=\/wp\/v2\/posts\/6779","targetHints":{"allow":["GET"]}}],"collection":[{"href":"https:\/\/fmtinkunaco.ar\/index.php?rest_route=\/wp\/v2\/posts"}],"about":[{"href":"https:\/\/fmtinkunaco.ar\/index.php?rest_route=\/wp\/v2\/types\/post"}],"author":[{"embeddable":true,"href":"https:\/\/fmtinkunaco.ar\/index.php?rest_route=\/wp\/v2\/users\/1"}],"replies":[{"embeddable":true,"href":"https:\/\/fmtinkunaco.ar\/index.php?rest_route=%2Fwp%2Fv2%2Fcomments&post=6779"}],"version-history":[{"count":2,"href":"https:\/\/fmtinkunaco.ar\/index.php?rest_route=\/wp\/v2\/posts\/6779\/revisions"}],"predecessor-version":[{"id":6783,"href":"https:\/\/fmtinkunaco.ar\/index.php?rest_route=\/wp\/v2\/posts\/6779\/revisions\/6783"}],"wp:featuredmedia":[{"embeddable":true,"href":"https:\/\/fmtinkunaco.ar\/index.php?rest_route=\/wp\/v2\/media\/6780"}],"wp:attachment":[{"href":"https:\/\/fmtinkunaco.ar\/index.php?rest_route=%2Fwp%2Fv2%2Fmedia&parent=6779"}],"wp:term":[{"taxonomy":"category","embeddable":true,"href":"https:\/\/fmtinkunaco.ar\/index.php?rest_route=%2Fwp%2Fv2%2Fcategories&post=6779"},{"taxonomy":"post_tag","embeddable":true,"href":"https:\/\/fmtinkunaco.ar\/index.php?rest_route=%2Fwp%2Fv2%2Ftags&post=6779"}],"curies":[{"name":"wp","href":"https:\/\/api.w.org\/{rel}","templated":true}]}}