{"id":6793,"date":"2024-10-08T11:07:30","date_gmt":"2024-10-08T14:07:30","guid":{"rendered":"https:\/\/fmtinkunaco.ar\/?p=6793"},"modified":"2024-10-08T11:07:31","modified_gmt":"2024-10-08T14:07:31","slug":"jose-c-paz-movilizacion-en-rechazo-al-acoso-escolar-dentro-colegio-san-martin","status":"publish","type":"post","link":"https:\/\/fmtinkunaco.ar\/?p=6793","title":{"rendered":"Jos\u00e9 C. Paz: Movilizaci\u00f3n en rechazo al acoso escolar dentro Colegio San Martin"},"content":{"rendered":"\n<p>TGD Padres Tea Jos\u00e9 C. Paz marcharan este jueves 10 de octubre a las 13hs en Ruta 8 y 197 en acompa\u00f1amiento y solarizaci\u00f3n con la familia de Dani, quien sufri\u00f3 reiterados hechos de bullying en la Escuela religiosa San Martin.<\/p>\n\n\n\n<p>La familia afectada denuncia que Dani, alumno de la escuela, sufre acoso verbal, psicol\u00f3gico y f\u00edsico dentro de la instituci\u00f3n desde hace dos a\u00f1os y ya cuentan con casi 200 actas con respecto al trato que tienen sus compa\u00f1eros con \u00e9l.<\/p>\n\n\n\n<p>Sandra Prado, mam\u00e1 de Dani e integrante de Padres TGD Jos\u00e9 C. Paz, explicaba no solo el cambio f\u00edsico\/psicol\u00f3gico por el que atraviesa su hijo sino que comentaba \u201c<em>El 26 de septiembre el decide contar que es golpeado a diario, estaba muy golpeados todos los d\u00edas codazos, empujones <\/em>(\u2026) <em>Hace dos a\u00f1os que est\u00e1 ah\u00ed, sufriendo bullying desde el primer d\u00eda, al segundo ya estaba haciendo un<\/em> <em>acta\u201d.<\/em><\/p>\n\n\n\n<p>Con respecto a la instituci\u00f3n, su respuesta es m\u00ednima, en palabras de Sandra \u201c<em>el a\u00f1o pasado que estaban tratando, no era f\u00e1cil, lav\u00e1ndose las manos ellos y culpando a la escuela anterior. Que iba a ser un proceso (\u2026) que lo cambie de turno, que lo cambie de grado, deciden poner un gabinete por primera vez en la escuela San Martin. Antes se arreglaba todo en la capilla, ponen un gabinete con una psic\u00f3loga y un psicopedagoga que constantemente cuando voy a reclamar por casos y cosas que le hacen\u201d. <\/em>Sandra incluso menciona que incluso hubo docentes y figuras educativas que no supieron tratar con infancias neurodivergentes como su hijo.<\/p>\n\n\n\n<p>Con respecto a la marcha, Sandra hace su reclamo \u201c<em>Manifestar y pedir justicia porque yo entre un ni\u00f1o lleno de ilusiones, un ni\u00f1o sano, un ni\u00f1o feliz y saque un nene bajo peso, un nene con fobia, un nene con p\u00e1nico, un nene asustado y con miedo. Que la escuelas puedan concientizar puedan entender que hay que reeducar y rever que hay neurodivergencia, lleg\u00f3 para quedarse y hay que saber tratarlo, no golpearlos, pegarlos, humillarlos. \u00c9l est\u00e1 ah\u00ed, yo estoy trat\u00e1ndolo de sacar y a la vez <strong>estoy levantando la voz para que no haya otro Dani<\/strong>.<\/em><\/p>\n\n\n\n<p>Entrevista Completa<\/p>\n\n\n\n<p>Descargar<\/p>\n","protected":false},"excerpt":{"rendered":"<p>TGD Padres Tea Jos\u00e9 C. Paz marcharan este jueves 10 de octubre a las 13hs en Ruta 8 y 197 en acompa\u00f1amiento y solarizaci\u00f3n con la familia de Dani, quien sufri\u00f3 reiterados hechos de bullying en la Escuela religiosa San Martin. La familia afectada denuncia que Dani, alumno de la escuela, sufre acoso verbal, psicol\u00f3gico [&hellip;]<\/p>\n","protected":false},"author":1,"featured_media":6794,"comment_status":"open","ping_status":"open","sticky":false,"template":"","format":"standard","meta":{"footnotes":""},"categories":[5],"tags":[],"class_list":["post-6793","post","type-post","status-publish","format-standard","has-post-thumbnail","hentry","category-educacion"],"_links":{"self":[{"href":"https:\/\/fmtinkunaco.ar\/index.php?rest_route=\/wp\/v2\/posts\/6793","targetHints":{"allow":["GET"]}}],"collection":[{"href":"https:\/\/fmtinkunaco.ar\/index.php?rest_route=\/wp\/v2\/posts"}],"about":[{"href":"https:\/\/fmtinkunaco.ar\/index.php?rest_route=\/wp\/v2\/types\/post"}],"author":[{"embeddable":true,"href":"https:\/\/fmtinkunaco.ar\/index.php?rest_route=\/wp\/v2\/users\/1"}],"replies":[{"embeddable":true,"href":"https:\/\/fmtinkunaco.ar\/index.php?rest_route=%2Fwp%2Fv2%2Fcomments&post=6793"}],"version-history":[{"count":1,"href":"https:\/\/fmtinkunaco.ar\/index.php?rest_route=\/wp\/v2\/posts\/6793\/revisions"}],"predecessor-version":[{"id":6795,"href":"https:\/\/fmtinkunaco.ar\/index.php?rest_route=\/wp\/v2\/posts\/6793\/revisions\/6795"}],"wp:featuredmedia":[{"embeddable":true,"href":"https:\/\/fmtinkunaco.ar\/index.php?rest_route=\/wp\/v2\/media\/6794"}],"wp:attachment":[{"href":"https:\/\/fmtinkunaco.ar\/index.php?rest_route=%2Fwp%2Fv2%2Fmedia&parent=6793"}],"wp:term":[{"taxonomy":"category","embeddable":true,"href":"https:\/\/fmtinkunaco.ar\/index.php?rest_route=%2Fwp%2Fv2%2Fcategories&post=6793"},{"taxonomy":"post_tag","embeddable":true,"href":"https:\/\/fmtinkunaco.ar\/index.php?rest_route=%2Fwp%2Fv2%2Ftags&post=6793"}],"curies":[{"name":"wp","href":"https:\/\/api.w.org\/{rel}","templated":true}]}}