{"id":6812,"date":"2024-10-18T10:08:10","date_gmt":"2024-10-18T13:08:10","guid":{"rendered":"https:\/\/fmtinkunaco.ar\/?p=6812"},"modified":"2024-10-18T10:08:11","modified_gmt":"2024-10-18T13:08:11","slug":"la-comunidad-educativa-de-la-escuela-primaria-n8-reclama-por-el-corte-del-unico-servicio-de-transporte","status":"publish","type":"post","link":"https:\/\/fmtinkunaco.ar\/?p=6812","title":{"rendered":"La comunidad educativa de la Escuela Primaria N\u00b08 reclama por el corte del \u00fanico servicio de transporte"},"content":{"rendered":"\n<p>Familiares de estudiantes de la Escuela Primaria N\u00b08 Martin Fierro presentaron un reclamo a RUTABUS S.A &nbsp;frente a la suspensi\u00f3n del servicio de las 11:50hs.<\/p>\n\n\n\n<p>Este corte supone varias problem\u00e1ticas y riesgos que deben tomar tanto los estudiantes como el personal educativo, por lo tanto llevaron el reclamo a las autoridades educativas, municipales correspondientes, as\u00ed como tambi\u00e9n a la Empresa RUTABUS S.A.<\/p>\n\n\n\n<p>Adem\u00e1s, este corte dificulta la llegada de los estudiantes que provienen del Barrio Peruzzotti, los cuales conforman una gran mayor\u00eda de la comunidad estudiantil.<\/p>\n\n\n\n<p>Paola N\u00fa\u00f1ez, mam\u00e1 de estudiantes de la Escuela, comentaba la situaci\u00f3n \u201c<em>En los horarios clave de ingreso de auxiliares, de ni\u00f1os de turno ma\u00f1ana y turno tarde, de turno extendido el servicio se extiende hasta la escuela facilitando que la familia pueda llevar a los ni\u00f1os y que despu\u00e9s con el mismo servicio se puedan volver al barrio de Peruzzotti. Sin aviso previo y ning\u00fan indiciador, para fines de julio nos encontramos que la empresa saca el servicio del mediod\u00eda\u201d<\/em>.<\/p>\n\n\n\n<p>A partir de estos reclamos de la comunidad, el servicio del d\u00eda de ayer funcion\u00f3, sin embargo las familias no recibieron una respuesta oficial de las autoridades y esperan que el servicio se mantenga.<\/p>\n\n\n\n<p>Entrevista Completa<\/p>\n\n\n\n<p>Descargar<\/p>\n","protected":false},"excerpt":{"rendered":"<p>Familiares de estudiantes de la Escuela Primaria N\u00b08 Martin Fierro presentaron un reclamo a RUTABUS S.A &nbsp;frente a la suspensi\u00f3n del servicio de las 11:50hs. Este corte supone varias problem\u00e1ticas y riesgos que deben tomar tanto los estudiantes como el personal educativo, por lo tanto llevaron el reclamo a las autoridades educativas, municipales correspondientes, as\u00ed [&hellip;]<\/p>\n","protected":false},"author":1,"featured_media":6813,"comment_status":"open","ping_status":"open","sticky":false,"template":"","format":"standard","meta":{"footnotes":""},"categories":[5],"tags":[],"class_list":["post-6812","post","type-post","status-publish","format-standard","has-post-thumbnail","hentry","category-educacion"],"_links":{"self":[{"href":"https:\/\/fmtinkunaco.ar\/index.php?rest_route=\/wp\/v2\/posts\/6812","targetHints":{"allow":["GET"]}}],"collection":[{"href":"https:\/\/fmtinkunaco.ar\/index.php?rest_route=\/wp\/v2\/posts"}],"about":[{"href":"https:\/\/fmtinkunaco.ar\/index.php?rest_route=\/wp\/v2\/types\/post"}],"author":[{"embeddable":true,"href":"https:\/\/fmtinkunaco.ar\/index.php?rest_route=\/wp\/v2\/users\/1"}],"replies":[{"embeddable":true,"href":"https:\/\/fmtinkunaco.ar\/index.php?rest_route=%2Fwp%2Fv2%2Fcomments&post=6812"}],"version-history":[{"count":1,"href":"https:\/\/fmtinkunaco.ar\/index.php?rest_route=\/wp\/v2\/posts\/6812\/revisions"}],"predecessor-version":[{"id":6814,"href":"https:\/\/fmtinkunaco.ar\/index.php?rest_route=\/wp\/v2\/posts\/6812\/revisions\/6814"}],"wp:featuredmedia":[{"embeddable":true,"href":"https:\/\/fmtinkunaco.ar\/index.php?rest_route=\/wp\/v2\/media\/6813"}],"wp:attachment":[{"href":"https:\/\/fmtinkunaco.ar\/index.php?rest_route=%2Fwp%2Fv2%2Fmedia&parent=6812"}],"wp:term":[{"taxonomy":"category","embeddable":true,"href":"https:\/\/fmtinkunaco.ar\/index.php?rest_route=%2Fwp%2Fv2%2Fcategories&post=6812"},{"taxonomy":"post_tag","embeddable":true,"href":"https:\/\/fmtinkunaco.ar\/index.php?rest_route=%2Fwp%2Fv2%2Ftags&post=6812"}],"curies":[{"name":"wp","href":"https:\/\/api.w.org\/{rel}","templated":true}]}}