{"id":6818,"date":"2024-10-23T13:18:17","date_gmt":"2024-10-23T16:18:17","guid":{"rendered":"https:\/\/fmtinkunaco.ar\/?p=6818"},"modified":"2024-10-23T13:18:17","modified_gmt":"2024-10-23T16:18:17","slug":"continuan-los-reclamos-por-faltante-de-medicamentos-oncologicos","status":"publish","type":"post","link":"https:\/\/fmtinkunaco.ar\/?p=6818","title":{"rendered":"\u00a0Contin\u00faan los reclamos por faltante de medicamentos oncol\u00f3gicos"},"content":{"rendered":"\n<p>La organizaci\u00f3n Cero Blastos contin\u00faa visibilizando el reclamo de pacientes oncol\u00f3gicos sobre el faltante de medicamento y la quita de paliativos a muchos de ellos.<\/p>\n\n\n\n<p>Rub\u00e9n Reyna, es referente de la organizaci\u00f3n Cero Blastos y se refiri\u00f3 a la situaci\u00f3n <em>\u201cLa gente est\u00e1 desesperada porque sacaron los paliativos, Tramadol Pregabalina no la est\u00e1n dando y las personas con c\u00e1ncer, que est\u00e1n en etapa terminal m\u00e1s all\u00e1 de estar pasando por algo tan traum\u00e1tico como despidi\u00e9ndose de la vida y lo tienen que hacer con dolor porque no hay morfina, no hay anda, no lo dan m\u00e1s gratis, lo sacaron, se termin\u00f3 la fiesta del paliativo digo yo\u201d<\/em>.<\/p>\n\n\n\n<p><br>Adem\u00e1s, Reyna, detall\u00f3 la situaci\u00f3n de los bancos de sangre <em>\u201cNosotros hacemos colectas de sangre en los barrios de los pacientes, que es donde conocen m\u00e1s al paciente y para que la gente no tenga que ir a capital a donar. Pero los bancos de sangre no tienen plata para los combustibles, as\u00ed que no est\u00e1n haciendo colectas extras pr\u00e1cticamente, son muy acotadas\u201d.<\/em><br><br>La organizaci\u00f3n se caracteriza por el pedido de donaciones de medicamentos mediante las redes sociales y en este marco, contaron que les dieron de baja la p\u00e1gina de Instagram por estos pedidos, de modo que actualmente solo tienen activa la p\u00e1gina de facebook.<\/p>\n\n\n\n<p><\/p>\n","protected":false},"excerpt":{"rendered":"<p>La organizaci\u00f3n Cero Blastos contin\u00faa visibilizando el reclamo de pacientes oncol\u00f3gicos sobre el faltante de medicamento y la quita de paliativos a muchos de ellos. Rub\u00e9n Reyna, es referente de la organizaci\u00f3n Cero Blastos y se refiri\u00f3 a la situaci\u00f3n \u201cLa gente est\u00e1 desesperada porque sacaron los paliativos, Tramadol Pregabalina no la est\u00e1n dando y [&hellip;]<\/p>\n","protected":false},"author":1,"featured_media":6819,"comment_status":"open","ping_status":"open","sticky":false,"template":"","format":"standard","meta":{"footnotes":""},"categories":[7],"tags":[],"class_list":["post-6818","post","type-post","status-publish","format-standard","has-post-thumbnail","hentry","category-salud"],"_links":{"self":[{"href":"https:\/\/fmtinkunaco.ar\/index.php?rest_route=\/wp\/v2\/posts\/6818","targetHints":{"allow":["GET"]}}],"collection":[{"href":"https:\/\/fmtinkunaco.ar\/index.php?rest_route=\/wp\/v2\/posts"}],"about":[{"href":"https:\/\/fmtinkunaco.ar\/index.php?rest_route=\/wp\/v2\/types\/post"}],"author":[{"embeddable":true,"href":"https:\/\/fmtinkunaco.ar\/index.php?rest_route=\/wp\/v2\/users\/1"}],"replies":[{"embeddable":true,"href":"https:\/\/fmtinkunaco.ar\/index.php?rest_route=%2Fwp%2Fv2%2Fcomments&post=6818"}],"version-history":[{"count":1,"href":"https:\/\/fmtinkunaco.ar\/index.php?rest_route=\/wp\/v2\/posts\/6818\/revisions"}],"predecessor-version":[{"id":6820,"href":"https:\/\/fmtinkunaco.ar\/index.php?rest_route=\/wp\/v2\/posts\/6818\/revisions\/6820"}],"wp:featuredmedia":[{"embeddable":true,"href":"https:\/\/fmtinkunaco.ar\/index.php?rest_route=\/wp\/v2\/media\/6819"}],"wp:attachment":[{"href":"https:\/\/fmtinkunaco.ar\/index.php?rest_route=%2Fwp%2Fv2%2Fmedia&parent=6818"}],"wp:term":[{"taxonomy":"category","embeddable":true,"href":"https:\/\/fmtinkunaco.ar\/index.php?rest_route=%2Fwp%2Fv2%2Fcategories&post=6818"},{"taxonomy":"post_tag","embeddable":true,"href":"https:\/\/fmtinkunaco.ar\/index.php?rest_route=%2Fwp%2Fv2%2Ftags&post=6818"}],"curies":[{"name":"wp","href":"https:\/\/api.w.org\/{rel}","templated":true}]}}