{"id":6821,"date":"2024-10-25T09:47:55","date_gmt":"2024-10-25T12:47:55","guid":{"rendered":"https:\/\/fmtinkunaco.ar\/?p=6821"},"modified":"2024-10-25T09:47:56","modified_gmt":"2024-10-25T12:47:56","slug":"cicop-acepto-la-propuesta-salarial-del-gobierno-en-disconformidad","status":"publish","type":"post","link":"https:\/\/fmtinkunaco.ar\/?p=6821","title":{"rendered":"CICOP acept\u00f3 la propuesta salarial del Gobierno en disconformidad"},"content":{"rendered":"\n<p>El gremio CICOP (Asociaci\u00f3n Sindical de Profesionales de la Salud de la Provincia de Buenos Aires) realiz\u00f3 una nueva negociaci\u00f3n de paritarias con el Estado Provincial, donde la propuesta salarial fue aceptada en disconformidad.<\/p>\n\n\n\n<p>Para hablar m\u00e1s de la situaci\u00f3n del personal de salud, Silvana Scali, Vicepresidenta de CICOP, explica \u201c<em>Tuvimos una primera reuni\u00f3n a principios de mes y otra la semana pasada donde se hizo un ofrecimiento de un 8%, un 4% para el mes de octubre y un 4% para el mes de noviembre. Esto fue aceptado en un congreso por alta mayor\u00eda (\u2026) Un a\u00f1o que no nos ha dejado recuperar lo que fue la p\u00e9rdida salarial causada por la inflaci\u00f3n y devaluaci\u00f3n del mes de diciembre que realmente expuso a la clase trabajadora, no solo a los profesionales de la salud\u201d<\/em>.<\/p>\n\n\n\n<p>En adici\u00f3n a esto, Scali trae tambi\u00e9n y comparte el contexto de los espacios de salud actuales \u201c<em>Los hospitales y particularmente las guardias p\u00fablicas se est\u00e1n viendo con una sobredemanda de pr\u00e1cticamente un 30% con respecto al a\u00f1o pasado. Esto tiene que ver con una desregulaci\u00f3n del sector privado a partir de las pol\u00edticas del gobierno de Milei y ha permitido que muchas hayan perdido u prepaga porque ya no la pod\u00edan pagar, o se han quedado sin trabajo y ya no tienen obra social. Medicamentos, insumos que ven\u00edan de Naci\u00f3n por ejemplo preservativos, anticonceptivos, drogas para lo que tiene que ver con la Interrupci\u00f3n Legal del Embarazo no llegan ni al 10% del necesario para la provincia. Y todos estos recortes, este ajuste que se est\u00e1 haciendo a nivel nacional repercutiendo en todo el sistema p\u00fablico de salud, el privado tambi\u00e9n\u201d.<\/em><\/p>\n\n\n\n<p>A pesar de haber llegado a un acuerdo en la paritaria provincial, resulta importante remarcar en palabras de Scali \u201c<em>los salarios est\u00e1n bajos y hay una deuda importante con los profesionales de la salud\u201d.<\/em><\/p>\n\n\n\n<p>Entrevista Completa<\/p>\n\n\n\n<p>Descargar<\/p>\n","protected":false},"excerpt":{"rendered":"<p>El gremio CICOP (Asociaci\u00f3n Sindical de Profesionales de la Salud de la Provincia de Buenos Aires) realiz\u00f3 una nueva negociaci\u00f3n de paritarias con el Estado Provincial, donde la propuesta salarial fue aceptada en disconformidad. Para hablar m\u00e1s de la situaci\u00f3n del personal de salud, Silvana Scali, Vicepresidenta de CICOP, explica \u201cTuvimos una primera reuni\u00f3n a [&hellip;]<\/p>\n","protected":false},"author":1,"featured_media":6822,"comment_status":"open","ping_status":"open","sticky":false,"template":"","format":"standard","meta":{"footnotes":""},"categories":[7],"tags":[],"class_list":["post-6821","post","type-post","status-publish","format-standard","has-post-thumbnail","hentry","category-salud"],"_links":{"self":[{"href":"https:\/\/fmtinkunaco.ar\/index.php?rest_route=\/wp\/v2\/posts\/6821","targetHints":{"allow":["GET"]}}],"collection":[{"href":"https:\/\/fmtinkunaco.ar\/index.php?rest_route=\/wp\/v2\/posts"}],"about":[{"href":"https:\/\/fmtinkunaco.ar\/index.php?rest_route=\/wp\/v2\/types\/post"}],"author":[{"embeddable":true,"href":"https:\/\/fmtinkunaco.ar\/index.php?rest_route=\/wp\/v2\/users\/1"}],"replies":[{"embeddable":true,"href":"https:\/\/fmtinkunaco.ar\/index.php?rest_route=%2Fwp%2Fv2%2Fcomments&post=6821"}],"version-history":[{"count":1,"href":"https:\/\/fmtinkunaco.ar\/index.php?rest_route=\/wp\/v2\/posts\/6821\/revisions"}],"predecessor-version":[{"id":6823,"href":"https:\/\/fmtinkunaco.ar\/index.php?rest_route=\/wp\/v2\/posts\/6821\/revisions\/6823"}],"wp:featuredmedia":[{"embeddable":true,"href":"https:\/\/fmtinkunaco.ar\/index.php?rest_route=\/wp\/v2\/media\/6822"}],"wp:attachment":[{"href":"https:\/\/fmtinkunaco.ar\/index.php?rest_route=%2Fwp%2Fv2%2Fmedia&parent=6821"}],"wp:term":[{"taxonomy":"category","embeddable":true,"href":"https:\/\/fmtinkunaco.ar\/index.php?rest_route=%2Fwp%2Fv2%2Fcategories&post=6821"},{"taxonomy":"post_tag","embeddable":true,"href":"https:\/\/fmtinkunaco.ar\/index.php?rest_route=%2Fwp%2Fv2%2Ftags&post=6821"}],"curies":[{"name":"wp","href":"https:\/\/api.w.org\/{rel}","templated":true}]}}