{"id":6824,"date":"2024-10-25T10:22:09","date_gmt":"2024-10-25T13:22:09","guid":{"rendered":"https:\/\/fmtinkunaco.ar\/?p=6824"},"modified":"2024-10-25T10:22:09","modified_gmt":"2024-10-25T13:22:09","slug":"concentracion-en-san-miguel-en-defensa-de-la-universidad-publica","status":"publish","type":"post","link":"https:\/\/fmtinkunaco.ar\/?p=6824","title":{"rendered":"Concentraci\u00f3n en San Miguel en defensa de la universidad p\u00fablica"},"content":{"rendered":"\n<p>En el marco de m\u00faltiples acciones que se est\u00e1n realizando en el territorio para visibilizar el desfinanciamiento que est\u00e1n sufriendo las universidades p\u00fablicas convocan a una concentraci\u00f3n en la plaza de San Miguel hoy a partir de las 17hs.<br><br>Mar\u00eda Laura Segura, es graduada del Profesorado de Historia y trabajadora no docente de la Universidad Nacional de General Sarmiento (UNGS), y se refiri\u00f3 a la convocatoria <em>\u201cInvitamos a participar en la concentraci\u00f3n que se va a realizar este viernes 25 de octubre, a las 17hs, en Plaza de San Miguel en el marco de m\u00faltiples acciones que se est\u00e1n realizando en defensa de las universidades p\u00fablicas en particular nuestras universidad, la Universidad Nacional de General Sarmiento est\u00e1n convocando pero tambi\u00e9n se suman sindicatos docentes, de otras universidad nacionales como la Universidad de Luj\u00e1n, la Universidad de de Jos\u00e9. C. Paz, la Universidad de Moreno, se suman incluso tambi\u00e9n organizaciones estudiantiles \u00a0e independientes\u201d.<\/em><br><br>La invitaci\u00f3n es hoy, a partir de las 17 hs, en la Plaza San Miguel.<\/p>\n","protected":false},"excerpt":{"rendered":"<p>En el marco de m\u00faltiples acciones que se est\u00e1n realizando en el territorio para visibilizar el desfinanciamiento que est\u00e1n sufriendo las universidades p\u00fablicas convocan a una concentraci\u00f3n en la plaza de San Miguel hoy a partir de las 17hs. Mar\u00eda Laura Segura, es graduada del Profesorado de Historia y trabajadora no docente de la Universidad [&hellip;]<\/p>\n","protected":false},"author":1,"featured_media":6825,"comment_status":"open","ping_status":"open","sticky":false,"template":"","format":"standard","meta":{"footnotes":""},"categories":[5],"tags":[],"class_list":["post-6824","post","type-post","status-publish","format-standard","has-post-thumbnail","hentry","category-educacion"],"_links":{"self":[{"href":"https:\/\/fmtinkunaco.ar\/index.php?rest_route=\/wp\/v2\/posts\/6824","targetHints":{"allow":["GET"]}}],"collection":[{"href":"https:\/\/fmtinkunaco.ar\/index.php?rest_route=\/wp\/v2\/posts"}],"about":[{"href":"https:\/\/fmtinkunaco.ar\/index.php?rest_route=\/wp\/v2\/types\/post"}],"author":[{"embeddable":true,"href":"https:\/\/fmtinkunaco.ar\/index.php?rest_route=\/wp\/v2\/users\/1"}],"replies":[{"embeddable":true,"href":"https:\/\/fmtinkunaco.ar\/index.php?rest_route=%2Fwp%2Fv2%2Fcomments&post=6824"}],"version-history":[{"count":1,"href":"https:\/\/fmtinkunaco.ar\/index.php?rest_route=\/wp\/v2\/posts\/6824\/revisions"}],"predecessor-version":[{"id":6826,"href":"https:\/\/fmtinkunaco.ar\/index.php?rest_route=\/wp\/v2\/posts\/6824\/revisions\/6826"}],"wp:featuredmedia":[{"embeddable":true,"href":"https:\/\/fmtinkunaco.ar\/index.php?rest_route=\/wp\/v2\/media\/6825"}],"wp:attachment":[{"href":"https:\/\/fmtinkunaco.ar\/index.php?rest_route=%2Fwp%2Fv2%2Fmedia&parent=6824"}],"wp:term":[{"taxonomy":"category","embeddable":true,"href":"https:\/\/fmtinkunaco.ar\/index.php?rest_route=%2Fwp%2Fv2%2Fcategories&post=6824"},{"taxonomy":"post_tag","embeddable":true,"href":"https:\/\/fmtinkunaco.ar\/index.php?rest_route=%2Fwp%2Fv2%2Ftags&post=6824"}],"curies":[{"name":"wp","href":"https:\/\/api.w.org\/{rel}","templated":true}]}}