{"id":6827,"date":"2024-10-25T13:07:48","date_gmt":"2024-10-25T16:07:48","guid":{"rendered":"https:\/\/fmtinkunaco.ar\/?p=6827"},"modified":"2024-10-25T13:07:48","modified_gmt":"2024-10-25T16:07:48","slug":"universidad-nacional-madres-de-plaza-de-mayo-se-nos-ha-desfinanciado-completamente","status":"publish","type":"post","link":"https:\/\/fmtinkunaco.ar\/?p=6827","title":{"rendered":"Universidad Nacional Madres de Plaza de Mayo: \u201cSe nos ha desfinanciado completamente\u201d"},"content":{"rendered":"\n<p>La Universidad Nacional Madres de Plaza de Mayo (UNMa) ha sido blanco de m\u00faltiples ataques por parte del Gobierno Nacional, en paralelo al desfinanciamiento general de las universidades p\u00fablicas nacionales.<\/p>\n\n\n\n<p>Fernando Pallicer, Director del Departamento de Humanidades e integrante del equipo de prensa de la Universidad Madres de Plaza de Mayo, describi\u00f3 la situaci\u00f3n puntual de la UNMa <em>\u201cVamos a repudiar esta situaci\u00f3n no solamente por el desfinanciamiento que est\u00e1n llevando adelante hacia las universidades nacionales, sino en nuestra universidad en particular. Que es una universidad muy nueva muy joven y que desde el primero de enero de este a\u00f1o se nos ha desfinanciado completamente.<br>A principios del mes de agosto, el gobierno nacional ejecutivo ha dispuesto, seg\u00fan ellos, un nuevo rector organizador para que reorganice la universidad\u201d.<\/em><\/p>\n\n\n\n<p>Pallicer, adem\u00e1s, comparti\u00f3 el an\u00e1lisis sobre el porqu\u00e9 de los ataques puntualizados a la UNMa, <em>\u201cEstamos seguros que es la \u00fanica universidad en el mundo que tiene una orientaci\u00f3n plena y exclusiva en Derechos Humanos, y si hay algo que le molesta al Gobierno Nacional son los Derechos Humanos\u201d.<\/em><br><br>Tanto la Universidad de Madres de Plaza de Mayo como el resto de las universidades contin\u00faan con actividades de visibilizaci\u00f3n y exigiendo el financiamiento.<\/p>\n","protected":false},"excerpt":{"rendered":"<p>La Universidad Nacional Madres de Plaza de Mayo (UNMa) ha sido blanco de m\u00faltiples ataques por parte del Gobierno Nacional, en paralelo al desfinanciamiento general de las universidades p\u00fablicas nacionales. Fernando Pallicer, Director del Departamento de Humanidades e integrante del equipo de prensa de la Universidad Madres de Plaza de Mayo, describi\u00f3 la situaci\u00f3n puntual [&hellip;]<\/p>\n","protected":false},"author":1,"featured_media":6828,"comment_status":"open","ping_status":"open","sticky":false,"template":"","format":"standard","meta":{"footnotes":""},"categories":[5],"tags":[],"class_list":["post-6827","post","type-post","status-publish","format-standard","has-post-thumbnail","hentry","category-educacion"],"_links":{"self":[{"href":"https:\/\/fmtinkunaco.ar\/index.php?rest_route=\/wp\/v2\/posts\/6827","targetHints":{"allow":["GET"]}}],"collection":[{"href":"https:\/\/fmtinkunaco.ar\/index.php?rest_route=\/wp\/v2\/posts"}],"about":[{"href":"https:\/\/fmtinkunaco.ar\/index.php?rest_route=\/wp\/v2\/types\/post"}],"author":[{"embeddable":true,"href":"https:\/\/fmtinkunaco.ar\/index.php?rest_route=\/wp\/v2\/users\/1"}],"replies":[{"embeddable":true,"href":"https:\/\/fmtinkunaco.ar\/index.php?rest_route=%2Fwp%2Fv2%2Fcomments&post=6827"}],"version-history":[{"count":1,"href":"https:\/\/fmtinkunaco.ar\/index.php?rest_route=\/wp\/v2\/posts\/6827\/revisions"}],"predecessor-version":[{"id":6829,"href":"https:\/\/fmtinkunaco.ar\/index.php?rest_route=\/wp\/v2\/posts\/6827\/revisions\/6829"}],"wp:featuredmedia":[{"embeddable":true,"href":"https:\/\/fmtinkunaco.ar\/index.php?rest_route=\/wp\/v2\/media\/6828"}],"wp:attachment":[{"href":"https:\/\/fmtinkunaco.ar\/index.php?rest_route=%2Fwp%2Fv2%2Fmedia&parent=6827"}],"wp:term":[{"taxonomy":"category","embeddable":true,"href":"https:\/\/fmtinkunaco.ar\/index.php?rest_route=%2Fwp%2Fv2%2Fcategories&post=6827"},{"taxonomy":"post_tag","embeddable":true,"href":"https:\/\/fmtinkunaco.ar\/index.php?rest_route=%2Fwp%2Fv2%2Ftags&post=6827"}],"curies":[{"name":"wp","href":"https:\/\/api.w.org\/{rel}","templated":true}]}}