{"id":6830,"date":"2024-10-29T08:48:49","date_gmt":"2024-10-29T11:48:49","guid":{"rendered":"https:\/\/fmtinkunaco.ar\/?p=6830"},"modified":"2024-10-29T08:48:49","modified_gmt":"2024-10-29T11:48:49","slug":"alumnos-del-isfd-51-reclaman-la-construccion-de-un-edificio-propio","status":"publish","type":"post","link":"https:\/\/fmtinkunaco.ar\/?p=6830","title":{"rendered":"Alumnos del ISFD 51 reclaman la construcci\u00f3n de un edificio propio"},"content":{"rendered":"\n<p>La comunidad Educativa del Instituto&nbsp; Superior de Formaci\u00f3n Docente N\u00b0 51 alza nuevamente la voz en diferentes actividades reclamando la construcci\u00f3n de un edificio propio.<\/p>\n\n\n\n<p>La Instituci\u00f3n, la cual cuenta con m\u00e1s de 47 a\u00f1os de funcionamiento, funciona en tres sedes diferentes: la Escuela Secundaria N\u00b08 (ubicada en Pelagio Luna 1200), la Escuela Especial N\u00b0501 (Sim\u00f3n Bol\u00edvar 310) y la Escuela Primaria N\u00b01 (Hip\u00f3lito Yrigoyen 568), todas en el turno vespertino.<\/p>\n\n\n\n<p>Roc\u00edo Esquivel, Vicepresidenta del Centro de Estudiantes, explicaba la situaci\u00f3n del instituto \u201c<em>El reclamo viene hace m\u00e1s de 40 a\u00f1os, los distintos gobiernos prometen que van a construir el edificio pero ninguno efectivamente cumple\u201d. <\/em>A su vez tambi\u00e9n mencionaba la situaci\u00f3n de aumento de estudiantes \u201c<em>Ha crecido tanto la matr\u00edcula de las carreras que se brindan en la instituci\u00f3n porque vale decir que es el \u00fanico instituto de formaci\u00f3n docente p\u00fablico\u201d.<\/em><\/p>\n\n\n\n<p>Este reclamo no es nuevo ya que previamente y desde hace a\u00f1os los estudiantes vienen presentando notas al Municipio, colecta de firmas y lograron abrir un expediente en el 2022.<\/p>\n\n\n\n<p>En adici\u00f3n a esto, Esquivel tambi\u00e9n menciona \u201c<em>En esta ocasi\u00f3n \u00edbamos a presentar firmas pero nos pareci\u00f3 que ya tienen tantas firmas de los estudiantes, docentes y comunidad pilarense que ten\u00edamos que presentar la carta p\u00fablica que escribimos. Solicitando b\u00e1sicamente que nos construyan nuestro edificio y que de no construirse, funcione en las nuevas instalaciones que anuncio el intendente Federico Achaval va a construir la Universidad P\u00fablica de Pilar\u201d.<\/em><\/p>\n\n\n\n<p>Por \u00faltimo y mientras siguen a la espera de una respuesta del Municipio o autoridades, Esquivel comenta c\u00f3mo sigue la lucha \u201c<em>El viernes realizamos una clase p\u00fablica en el anfiteatro de la plaza 12 de Octubre donde est\u00e1bamos en el marco de las tomas y la rebeli\u00f3n educativa (\u2026) Y colocamos nuestro reclamo por nuestro edificio propio, por construcci\u00f3n o habitaci\u00f3n en la Universidad. Esta semana vamos a realizar clases p\u00fablicas por las dos situaciones, es todo un conjunto la defensa de la educaci\u00f3n p\u00fablica con un lugar para estudiar para nosotros va de la mano\u201d.<\/em><\/p>\n","protected":false},"excerpt":{"rendered":"<p>La comunidad Educativa del Instituto&nbsp; Superior de Formaci\u00f3n Docente N\u00b0 51 alza nuevamente la voz en diferentes actividades reclamando la construcci\u00f3n de un edificio propio. La Instituci\u00f3n, la cual cuenta con m\u00e1s de 47 a\u00f1os de funcionamiento, funciona en tres sedes diferentes: la Escuela Secundaria N\u00b08 (ubicada en Pelagio Luna 1200), la Escuela Especial N\u00b0501 [&hellip;]<\/p>\n","protected":false},"author":1,"featured_media":6831,"comment_status":"open","ping_status":"open","sticky":false,"template":"","format":"standard","meta":{"footnotes":""},"categories":[1],"tags":[],"class_list":["post-6830","post","type-post","status-publish","format-standard","has-post-thumbnail","hentry","category-blog"],"_links":{"self":[{"href":"https:\/\/fmtinkunaco.ar\/index.php?rest_route=\/wp\/v2\/posts\/6830","targetHints":{"allow":["GET"]}}],"collection":[{"href":"https:\/\/fmtinkunaco.ar\/index.php?rest_route=\/wp\/v2\/posts"}],"about":[{"href":"https:\/\/fmtinkunaco.ar\/index.php?rest_route=\/wp\/v2\/types\/post"}],"author":[{"embeddable":true,"href":"https:\/\/fmtinkunaco.ar\/index.php?rest_route=\/wp\/v2\/users\/1"}],"replies":[{"embeddable":true,"href":"https:\/\/fmtinkunaco.ar\/index.php?rest_route=%2Fwp%2Fv2%2Fcomments&post=6830"}],"version-history":[{"count":1,"href":"https:\/\/fmtinkunaco.ar\/index.php?rest_route=\/wp\/v2\/posts\/6830\/revisions"}],"predecessor-version":[{"id":6832,"href":"https:\/\/fmtinkunaco.ar\/index.php?rest_route=\/wp\/v2\/posts\/6830\/revisions\/6832"}],"wp:featuredmedia":[{"embeddable":true,"href":"https:\/\/fmtinkunaco.ar\/index.php?rest_route=\/wp\/v2\/media\/6831"}],"wp:attachment":[{"href":"https:\/\/fmtinkunaco.ar\/index.php?rest_route=%2Fwp%2Fv2%2Fmedia&parent=6830"}],"wp:term":[{"taxonomy":"category","embeddable":true,"href":"https:\/\/fmtinkunaco.ar\/index.php?rest_route=%2Fwp%2Fv2%2Fcategories&post=6830"},{"taxonomy":"post_tag","embeddable":true,"href":"https:\/\/fmtinkunaco.ar\/index.php?rest_route=%2Fwp%2Fv2%2Ftags&post=6830"}],"curies":[{"name":"wp","href":"https:\/\/api.w.org\/{rel}","templated":true}]}}