{"id":6834,"date":"2024-10-31T09:54:32","date_gmt":"2024-10-31T12:54:32","guid":{"rendered":"https:\/\/fmtinkunaco.ar\/?p=6834"},"modified":"2024-10-31T09:54:32","modified_gmt":"2024-10-31T12:54:32","slug":"la-escuela-primaria-mil-pueblos-jovenes-celebra-su-reconocimiento-formal-por-la-diegep","status":"publish","type":"post","link":"https:\/\/fmtinkunaco.ar\/?p=6834","title":{"rendered":"La Escuela Primaria \u201cMil Pueblos J\u00f3venes\u201d celebra su reconocimiento formal por la DIEGEP"},"content":{"rendered":"\n<p>La escuela popular primaria \u201cMil Pueblos J\u00f3venes\u201d, ubicada en la localidad de Moreno, logr\u00f3 obtener un reconocimiento por la Direcci\u00f3n de Educaci\u00f3n de Gesti\u00f3n Privada (DIEGEP).<\/p>\n\n\n\n<p>La escuela se caracteriza por llevar adelante una propuesta educativa integral, solidaria y de calidad, con orientaci\u00f3n en Cultura Viva Comunitaria y con acompa\u00f1amiento social a las familias. Tambi\u00e9n cuentan con una cuota mensual cooperativa<\/p>\n\n\n\n<p>Virginia Magnone, Directora de la escuela, comentaba acerca de la oficializaci\u00f3n <em>\u201cEs un esfuerzo tremendo de parte de toda la gente que hace a la escuela Mil Pueblos J\u00f3venes, la comunidad educativa, ni\u00f1os, docentes\u201d <\/em>y por su parte, tambi\u00e9n remarcaba el objetivo como instituci\u00f3n \u201c<em>Es un proyecto educativo integral que trata de comprometerse con las comunidades <\/em>(\u2026) <em>Nuestra mirada es que los chicos puedan tener los lineamiamientos y normativas que rigen para todas las escuelas pero con un perfil m\u00e1s de libertad y desarrollo integral\u201d.<\/em><\/p>\n\n\n\n<p>Por \u00faltimo, Magnone destacaba \u201c<em>el trabajo nuestro no cambia en absoluto pero con la alegr\u00eda enorme de que oficialmente podamos ser reconocidos &nbsp;pero se trabaja con la misma intensidad de un principio, costo pero ahora con un n\u00famero que nos representa\u201d.<\/em><\/p>\n","protected":false},"excerpt":{"rendered":"<p>La escuela popular primaria \u201cMil Pueblos J\u00f3venes\u201d, ubicada en la localidad de Moreno, logr\u00f3 obtener un reconocimiento por la Direcci\u00f3n de Educaci\u00f3n de Gesti\u00f3n Privada (DIEGEP). La escuela se caracteriza por llevar adelante una propuesta educativa integral, solidaria y de calidad, con orientaci\u00f3n en Cultura Viva Comunitaria y con acompa\u00f1amiento social a las familias. Tambi\u00e9n [&hellip;]<\/p>\n","protected":false},"author":1,"featured_media":6835,"comment_status":"open","ping_status":"open","sticky":false,"template":"","format":"standard","meta":{"footnotes":""},"categories":[5],"tags":[],"class_list":["post-6834","post","type-post","status-publish","format-standard","has-post-thumbnail","hentry","category-educacion"],"_links":{"self":[{"href":"https:\/\/fmtinkunaco.ar\/index.php?rest_route=\/wp\/v2\/posts\/6834","targetHints":{"allow":["GET"]}}],"collection":[{"href":"https:\/\/fmtinkunaco.ar\/index.php?rest_route=\/wp\/v2\/posts"}],"about":[{"href":"https:\/\/fmtinkunaco.ar\/index.php?rest_route=\/wp\/v2\/types\/post"}],"author":[{"embeddable":true,"href":"https:\/\/fmtinkunaco.ar\/index.php?rest_route=\/wp\/v2\/users\/1"}],"replies":[{"embeddable":true,"href":"https:\/\/fmtinkunaco.ar\/index.php?rest_route=%2Fwp%2Fv2%2Fcomments&post=6834"}],"version-history":[{"count":1,"href":"https:\/\/fmtinkunaco.ar\/index.php?rest_route=\/wp\/v2\/posts\/6834\/revisions"}],"predecessor-version":[{"id":6836,"href":"https:\/\/fmtinkunaco.ar\/index.php?rest_route=\/wp\/v2\/posts\/6834\/revisions\/6836"}],"wp:featuredmedia":[{"embeddable":true,"href":"https:\/\/fmtinkunaco.ar\/index.php?rest_route=\/wp\/v2\/media\/6835"}],"wp:attachment":[{"href":"https:\/\/fmtinkunaco.ar\/index.php?rest_route=%2Fwp%2Fv2%2Fmedia&parent=6834"}],"wp:term":[{"taxonomy":"category","embeddable":true,"href":"https:\/\/fmtinkunaco.ar\/index.php?rest_route=%2Fwp%2Fv2%2Fcategories&post=6834"},{"taxonomy":"post_tag","embeddable":true,"href":"https:\/\/fmtinkunaco.ar\/index.php?rest_route=%2Fwp%2Fv2%2Ftags&post=6834"}],"curies":[{"name":"wp","href":"https:\/\/api.w.org\/{rel}","templated":true}]}}