{"id":6837,"date":"2024-11-01T10:34:43","date_gmt":"2024-11-01T13:34:43","guid":{"rendered":"https:\/\/fmtinkunaco.ar\/?p=6837"},"modified":"2024-11-01T10:34:43","modified_gmt":"2024-11-01T13:34:43","slug":"continua-la-causa-judicial-contra-la-municipalidad-de-moreno-por-usurpacion","status":"publish","type":"post","link":"https:\/\/fmtinkunaco.ar\/?p=6837","title":{"rendered":"Continua la causa judicial contra la Municipalidad de Moreno por usurpaci\u00f3n"},"content":{"rendered":"\n<p>La situaci\u00f3n por el predio y edificio de la Escuela Secundaria Polit\u00e9cnica de la Universidad de Moreno (ESPUNM) sigue en disputa judicial ya que a pesar de haber recurrido a la justicia, la Municipalidad de Moreno avanza con la usurpaci\u00f3n y construcci\u00f3n dentro del espacio.<\/p>\n\n\n\n<p>La comunidad educativa repudia el accionar del municipio y presento un Petitorio de paralizaci\u00f3n de obra en el terreno asignado a la Universidad Nacional de Moreno.<\/p>\n\n\n\n<p>Claudio Fardelli, Director de la Escuela, explica en el Noticiero Encuentro con las Noticias sobre el conflicto \u201c<em>La situaci\u00f3n contin\u00faa con el transcurso del juicio por la titularidad del predio, por las \u00faltimas semanas se completaron las declaraciones que ten\u00edan que realizar en distintos organismos. Tanto en la Provincia de Buenos Aires como la Secretaria de Adolescencia y Familia del Ministerio de Capital Humano, y la Administraci\u00f3n de Bienes del Estado (ABE<\/em>)\u201d.<\/p>\n\n\n\n<p>Esta situaci\u00f3n adem\u00e1s perjudica la calidad y mejoras que pudieron tener como territorio y comunidad educativa, con respecto a esto Fardelli comenta <em>\u201cEl municipio continuo como si nada pasara (\u2026) La escuela contin\u00faa creciendo pero en lugar de estar aspirando a una escuela cada vez m\u00e1s grande, cada vez m\u00e1s abierta para los estudiantes de Moreno, que adem\u00e1s es un partido que necesita m\u00e1s matricula, estamos viendo c\u00f3mo barajamos menos vacantes de las que venimos abriendo regularmente por la situaci\u00f3n del espacio provisorio con el que contamos ahora. No visualizamos en el corto plazo un avance positivo respecto al futuro del edificio de la escuela\u201d.<\/em><\/p>\n\n\n\n<p>La ESPUNM sigue a la espera de un accionar concreto por parte de las autoridades judiciales para poder finalizar el tema de titularidad del predio.<\/p>\n","protected":false},"excerpt":{"rendered":"<p>La situaci\u00f3n por el predio y edificio de la Escuela Secundaria Polit\u00e9cnica de la Universidad de Moreno (ESPUNM) sigue en disputa judicial ya que a pesar de haber recurrido a la justicia, la Municipalidad de Moreno avanza con la usurpaci\u00f3n y construcci\u00f3n dentro del espacio. La comunidad educativa repudia el accionar del municipio y presento [&hellip;]<\/p>\n","protected":false},"author":1,"featured_media":6838,"comment_status":"open","ping_status":"open","sticky":false,"template":"","format":"standard","meta":{"footnotes":""},"categories":[5],"tags":[],"class_list":["post-6837","post","type-post","status-publish","format-standard","has-post-thumbnail","hentry","category-educacion"],"_links":{"self":[{"href":"https:\/\/fmtinkunaco.ar\/index.php?rest_route=\/wp\/v2\/posts\/6837","targetHints":{"allow":["GET"]}}],"collection":[{"href":"https:\/\/fmtinkunaco.ar\/index.php?rest_route=\/wp\/v2\/posts"}],"about":[{"href":"https:\/\/fmtinkunaco.ar\/index.php?rest_route=\/wp\/v2\/types\/post"}],"author":[{"embeddable":true,"href":"https:\/\/fmtinkunaco.ar\/index.php?rest_route=\/wp\/v2\/users\/1"}],"replies":[{"embeddable":true,"href":"https:\/\/fmtinkunaco.ar\/index.php?rest_route=%2Fwp%2Fv2%2Fcomments&post=6837"}],"version-history":[{"count":1,"href":"https:\/\/fmtinkunaco.ar\/index.php?rest_route=\/wp\/v2\/posts\/6837\/revisions"}],"predecessor-version":[{"id":6839,"href":"https:\/\/fmtinkunaco.ar\/index.php?rest_route=\/wp\/v2\/posts\/6837\/revisions\/6839"}],"wp:featuredmedia":[{"embeddable":true,"href":"https:\/\/fmtinkunaco.ar\/index.php?rest_route=\/wp\/v2\/media\/6838"}],"wp:attachment":[{"href":"https:\/\/fmtinkunaco.ar\/index.php?rest_route=%2Fwp%2Fv2%2Fmedia&parent=6837"}],"wp:term":[{"taxonomy":"category","embeddable":true,"href":"https:\/\/fmtinkunaco.ar\/index.php?rest_route=%2Fwp%2Fv2%2Fcategories&post=6837"},{"taxonomy":"post_tag","embeddable":true,"href":"https:\/\/fmtinkunaco.ar\/index.php?rest_route=%2Fwp%2Fv2%2Ftags&post=6837"}],"curies":[{"name":"wp","href":"https:\/\/api.w.org\/{rel}","templated":true}]}}