{"id":6851,"date":"2024-11-06T10:39:34","date_gmt":"2024-11-06T13:39:34","guid":{"rendered":"https:\/\/fmtinkunaco.ar\/?p=6851"},"modified":"2024-11-11T10:24:35","modified_gmt":"2024-11-11T13:24:35","slug":"moreno-la-escuela-secundaria-n84-invita-al-acto-de-nombramiento-comandante-andresito","status":"publish","type":"post","link":"https:\/\/fmtinkunaco.ar\/?p=6851","title":{"rendered":"Moreno: la Escuela Secundaria N\u00b084 invita al Acto de Nombramiento \u201cComandante Andresito\u201d"},"content":{"rendered":"\n<p>La Escuela de Educaci\u00f3n Secundaria N\u00b084 celebra su nombramiento oficial, bajo la aprobaci\u00f3n de la DEGyC, pasar\u00e1 a llamarse \u201cComandante Andresito\u201d.<\/p>\n\n\n\n<p>En una entrevista con el Noticiero Encuentro con la Noticias, Ram\u00f3n Brizuela, Director de la escuela, explicaba c\u00f3mo se lleg\u00f3 a este resultado \u201cVarios a\u00f1os que est\u00e1bamos intentando llevar a cabo este proyecto (\u2026) Hasta que en el 2022 decidimos lanzar el proyecto como primera tentativa, haciendo un testo de posibles nombres. Surgieron muchos nombres, entre tantos nombre una profesora sugiri\u00f3 por qu\u00e9 no podr\u00eda ser un nombre originario\u201d. Luego de una votaci\u00f3n entre docentes, figuras institucionales y la comunidad educativa se pudo elegir el nombre del Caudillo guaran\u00ed misionero.<\/p>\n\n\n\n<p>Andresito Guacurar\u00ed Artigas (1778-1821), un militar ind\u00edgena guaran\u00ed argentino, no solo una figura de lucha por la libertad de las tierras misioneras, sino que adem\u00e1s tambi\u00e9n destac\u00f3 por gobernar la Provincia bajo el cargo de Comandante General de las Misiones.<\/p>\n\n\n\n<p>Esta oficializaci\u00f3n de nombre tendr\u00e1 un acto el pr\u00f3ximo 15 de Noviembre a partir de las 9:00hs en la Escuela (Luis Agote 10600, Cuartel V, Moreno) donde tambi\u00e9n habr\u00e1 una muestra de producciones escolares, esta es, el cierre del Proyecto Institucional \u2018<strong>Identidades\u2019<\/strong><\/p>\n\n\n\n<p>Entrevista Completa<\/p>\n\n\n<p><iframe loading=\"lazy\" src=\"https:\/\/archive.org\/embed\/entrevista-ramon-brizuela-05-11-24\" width=\"500\" height=\"60\" frameborder=\"0\" webkitallowfullscreen=\"true\" mozallowfullscreen=\"true\" allowfullscreen><\/iframe><\/p>\n\n\n<p><a href=\"https:\/\/archive.org\/details\/entrevista-ramon-brizuela-05-11-24\" data-type=\"link\" data-id=\"https:\/\/archive.org\/details\/entrevista-ramon-brizuela-05-11-24\">Descargar<\/a><\/p>\n\n\n\n<p><\/p>\n","protected":false},"excerpt":{"rendered":"<p>La Escuela de Educaci\u00f3n Secundaria N\u00b084 celebra su nombramiento oficial, bajo la aprobaci\u00f3n de la DEGyC, pasar\u00e1 a llamarse \u201cComandante Andresito\u201d. En una entrevista con el Noticiero Encuentro con la Noticias, Ram\u00f3n Brizuela, Director de la escuela, explicaba c\u00f3mo se lleg\u00f3 a este resultado \u201cVarios a\u00f1os que est\u00e1bamos intentando llevar a cabo este proyecto (\u2026) [&hellip;]<\/p>\n","protected":false},"author":1,"featured_media":6852,"comment_status":"open","ping_status":"open","sticky":false,"template":"","format":"standard","meta":{"footnotes":""},"categories":[1],"tags":[],"class_list":["post-6851","post","type-post","status-publish","format-standard","has-post-thumbnail","hentry","category-blog"],"_links":{"self":[{"href":"https:\/\/fmtinkunaco.ar\/index.php?rest_route=\/wp\/v2\/posts\/6851","targetHints":{"allow":["GET"]}}],"collection":[{"href":"https:\/\/fmtinkunaco.ar\/index.php?rest_route=\/wp\/v2\/posts"}],"about":[{"href":"https:\/\/fmtinkunaco.ar\/index.php?rest_route=\/wp\/v2\/types\/post"}],"author":[{"embeddable":true,"href":"https:\/\/fmtinkunaco.ar\/index.php?rest_route=\/wp\/v2\/users\/1"}],"replies":[{"embeddable":true,"href":"https:\/\/fmtinkunaco.ar\/index.php?rest_route=%2Fwp%2Fv2%2Fcomments&post=6851"}],"version-history":[{"count":2,"href":"https:\/\/fmtinkunaco.ar\/index.php?rest_route=\/wp\/v2\/posts\/6851\/revisions"}],"predecessor-version":[{"id":6876,"href":"https:\/\/fmtinkunaco.ar\/index.php?rest_route=\/wp\/v2\/posts\/6851\/revisions\/6876"}],"wp:featuredmedia":[{"embeddable":true,"href":"https:\/\/fmtinkunaco.ar\/index.php?rest_route=\/wp\/v2\/media\/6852"}],"wp:attachment":[{"href":"https:\/\/fmtinkunaco.ar\/index.php?rest_route=%2Fwp%2Fv2%2Fmedia&parent=6851"}],"wp:term":[{"taxonomy":"category","embeddable":true,"href":"https:\/\/fmtinkunaco.ar\/index.php?rest_route=%2Fwp%2Fv2%2Fcategories&post=6851"},{"taxonomy":"post_tag","embeddable":true,"href":"https:\/\/fmtinkunaco.ar\/index.php?rest_route=%2Fwp%2Fv2%2Ftags&post=6851"}],"curies":[{"name":"wp","href":"https:\/\/api.w.org\/{rel}","templated":true}]}}