{"id":6854,"date":"2024-11-07T11:25:25","date_gmt":"2024-11-07T14:25:25","guid":{"rendered":"https:\/\/fmtinkunaco.ar\/?p=6854"},"modified":"2024-11-11T10:03:08","modified_gmt":"2024-11-11T13:03:08","slug":"se-acerca-la-edicion-xi-del-festival-fapi-folklore-y-arte-popular-x-la-identidad","status":"publish","type":"post","link":"https:\/\/fmtinkunaco.ar\/?p=6854","title":{"rendered":"Se acerca la Edici\u00f3n XI del Festival FAPI: Folklore y Arte Popular x la Identidad"},"content":{"rendered":"\n<p>Desde el Departamento de Folklore de la Universidad Nacional de las Artes (UNA), junto con Abuelas de Plaza de Mayo, las Madres de Plaza de Mayo L\u00ednea Fundadora y la Asociaci\u00f3n de Familiares y Compa\u00f1eros de los 12 de la Santa Cruz, vuelven a realizar una nueva edici\u00f3n del Festival Folklore y Arte Popular por la Identidad.<\/p>\n\n\n\n<p>Este tendr\u00e1 lugar el pr\u00f3ximo s\u00e1bado 9 de Noviembre desde las 19:00 en S\u00e1nchez de Loria 443, CABA. El festival es abierto a la comunidad, sin embargo se pide la colaboraci\u00f3n de un alimento no perecedero.<\/p>\n\n\n\n<p>Lucia Conde, referente de la Secretaria de Desarrollo y Vinculaci\u00f3n del Departamento de Folklore, se refiri\u00f3 al evento de este a\u00f1o \u201c<em>Nos encuentra en un contexto complejo, porque&nbsp; FAPI inicio en su momento como algo autogestivo que se hac\u00eda en el patio con artistas que se iban sumando y con el tiempo tomo otro volumen,&nbsp; un sentido m\u00e1s pol\u00edtico de defender y promover los derechos humanos y hacer un nexo con las artes populares (\u2026) De repente el festival empez\u00f3 a tomar otro volumen, tuvimos que pasarlo a la calle y cont\u00e1bamos con el apoyo de un Ministerio de Cultura. Pero ahora estamos volviendo a esta etapa autogestivo donde nos ocupamos de todo todos, s\u00faper complejo gestionar en estos contextos\u201d.<\/em><\/p>\n\n\n\n<p>Conde, reivindica la importancia del trabajo comunitario del evento y menciona \u201c<em>El Departamento de Folklore siempre tenemos como puntapi\u00e9 el trabajo en red, el trabajo territorial, el trabajo con el barrio y con la comunidad\u201d. <\/em>Esto va de la mano con la situaci\u00f3n pol\u00edtica que atraviesan la cultura y la educaci\u00f3n, en palabras de Conde \u201c<em>Estamos atravesando un momento tan dif\u00edcil que necesitamos abrazarnos, hace once a\u00f1os que FAPI es un abrazo colectivo, es propiciar ese espacio no solamente para disfrutar de ese encuentro y de la m\u00fasica y danza popular, de nuestros artistas, sino que tambi\u00e9n es un espacio de reflexi\u00f3n en torno a qu\u00e9 est\u00e1 pasando con los Derechos Humanos hoy, con las Universidades Nacionales. Ah\u00ed es cuando FAPI toma el tinte en defensa de la Universidad P\u00fablica\u201d.<\/em><\/p>\n\n\n\n<p>Dentro del Festival habr\u00e1 feria de artesanos, estampado de pa\u00f1uelos, stands de organismos culturales y acad\u00e9micos y pista de baile. As\u00ed como tambi\u00e9n homenajes y reconocimientos a figuras y organismos que representen la lucha de los Derechos Humanos.<\/p>\n\n\n\n<p>Tendr\u00e1 presentaciones art\u00edsticas y musicales de la Compa\u00f1\u00eda de Tango y el Ballet Folkl\u00f3rico de la UNA, la cantante Nahir S\u00e1nchez Romero junto con su banda \u201cVillera Vip\u201d, la Orkesta Popular San Bomba y el cierre estar\u00e1 a cargo de la banda Cumbionca y DJ Coneja China.<\/p>\n\n\n\n<p>Entrevista Completa <\/p>\n\n\n<p><iframe loading=\"lazy\" src=\"https:\/\/archive.org\/embed\/entrevista-lucia-conde-06-11-2024\" width=\"500\" height=\"60\" frameborder=\"0\" webkitallowfullscreen=\"true\" mozallowfullscreen=\"true\" allowfullscreen><\/iframe><\/p>\n\n\n<p><a href=\"https:\/\/archive.org\/details\/entrevista-lucia-conde-06-11-2024\" data-type=\"link\" data-id=\"https:\/\/archive.org\/details\/entrevista-lucia-conde-06-11-2024\">Descargar<\/a><\/p>\n","protected":false},"excerpt":{"rendered":"<p>Desde el Departamento de Folklore de la Universidad Nacional de las Artes (UNA), junto con Abuelas de Plaza de Mayo, las Madres de Plaza de Mayo L\u00ednea Fundadora y la Asociaci\u00f3n de Familiares y Compa\u00f1eros de los 12 de la Santa Cruz, vuelven a realizar una nueva edici\u00f3n del Festival Folklore y Arte Popular por [&hellip;]<\/p>\n","protected":false},"author":1,"featured_media":6855,"comment_status":"open","ping_status":"open","sticky":false,"template":"","format":"standard","meta":{"footnotes":""},"categories":[1],"tags":[],"class_list":["post-6854","post","type-post","status-publish","format-standard","has-post-thumbnail","hentry","category-blog"],"_links":{"self":[{"href":"https:\/\/fmtinkunaco.ar\/index.php?rest_route=\/wp\/v2\/posts\/6854","targetHints":{"allow":["GET"]}}],"collection":[{"href":"https:\/\/fmtinkunaco.ar\/index.php?rest_route=\/wp\/v2\/posts"}],"about":[{"href":"https:\/\/fmtinkunaco.ar\/index.php?rest_route=\/wp\/v2\/types\/post"}],"author":[{"embeddable":true,"href":"https:\/\/fmtinkunaco.ar\/index.php?rest_route=\/wp\/v2\/users\/1"}],"replies":[{"embeddable":true,"href":"https:\/\/fmtinkunaco.ar\/index.php?rest_route=%2Fwp%2Fv2%2Fcomments&post=6854"}],"version-history":[{"count":2,"href":"https:\/\/fmtinkunaco.ar\/index.php?rest_route=\/wp\/v2\/posts\/6854\/revisions"}],"predecessor-version":[{"id":6875,"href":"https:\/\/fmtinkunaco.ar\/index.php?rest_route=\/wp\/v2\/posts\/6854\/revisions\/6875"}],"wp:featuredmedia":[{"embeddable":true,"href":"https:\/\/fmtinkunaco.ar\/index.php?rest_route=\/wp\/v2\/media\/6855"}],"wp:attachment":[{"href":"https:\/\/fmtinkunaco.ar\/index.php?rest_route=%2Fwp%2Fv2%2Fmedia&parent=6854"}],"wp:term":[{"taxonomy":"category","embeddable":true,"href":"https:\/\/fmtinkunaco.ar\/index.php?rest_route=%2Fwp%2Fv2%2Fcategories&post=6854"},{"taxonomy":"post_tag","embeddable":true,"href":"https:\/\/fmtinkunaco.ar\/index.php?rest_route=%2Fwp%2Fv2%2Ftags&post=6854"}],"curies":[{"name":"wp","href":"https:\/\/api.w.org\/{rel}","templated":true}]}}