{"id":6857,"date":"2024-11-08T10:25:10","date_gmt":"2024-11-08T13:25:10","guid":{"rendered":"https:\/\/fmtinkunaco.ar\/?p=6857"},"modified":"2024-11-11T09:27:12","modified_gmt":"2024-11-11T12:27:12","slug":"2-edicion-de-la-muestra-de-cine-2024-en-la-unpaz","status":"publish","type":"post","link":"https:\/\/fmtinkunaco.ar\/?p=6857","title":{"rendered":"2\u00b0 Edici\u00f3n de la Muestra de Cine 2024 en la UNPAZ"},"content":{"rendered":"\n<p>Licenciatura en Producci\u00f3n y Gesti\u00f3n Audiovisual junto con la materia Historia de la Industria Audiovisual Argentina invitan a la Muestra de Cine en la Universidad Nacional de Jos\u00e9. C. Paz.<\/p>\n\n\n\n<p>Esta muestra tuvo comienzo el 05 hasta hoy 08 de Noviembre en la sede Central de la Universidad (Alem 4731), y se realizar\u00e1 a partir de las 18:00 hs. con entrada libre y gratuita.<\/p>\n\n\n\n<p>Victoria Gurrieri, organizadora de la Muestra de Cine, explica la propuesta \u201c<em>Con el apoyo de la carrera pudimos organizar la primera muestra de cine el a\u00f1o pasado y este a\u00f1o ya vamos por la segunda. El a\u00f1o pasado estuvo bueno y nunca terminamos de dimensionar el impacto que tuvo as\u00ed que este a\u00f1o apostamos a ser m\u00e1s d\u00edas, a tener m\u00e1s tiempo de proyecci\u00f3n de cortos y abrir la convocatoria a la comunidad\u201d.<\/em><\/p>\n\n\n\n<p>En esta l\u00ednea, Gurrieri tambi\u00e9n se refiere al el trabajo que conllev\u00f3 realizar la muestra este a\u00f1o \u201c<em>Ven\u00edamos organizando el evento y no sab\u00edamos qu\u00e9 d\u00eda pasar por el contexto pol\u00edtico social de nuestro pa\u00eds y el desfinanciamiento de las universidades, no sab\u00edamos si efectivamente la universidad estos d\u00edas iba a estar abierta, si iba a haber alg\u00fan paro, si iba a haber alguna movilizaci\u00f3n. As\u00ed que dijimos apostamos a realizarla, no pueden tambi\u00e9n sacarnos esto\u201d.<\/em><\/p>\n\n\n\n<p>Por \u00faltimo, Gurrieri vuelve a mencionar la importancia de estas jornadas \u201c<em>El cine es una herramienta para empoderarse, para contar las historias propias, de los vecinos, las del territorio, de la comunidad. Y eso est\u00e1 buen\u00edsimo porque en este contexto de desfinanciamiento y ataque al cine y a la cultura en general, de que podamos entrar mostrando las producciones que se hacen, sentimos a la muestra de cine como un espacio de resistencia, de aprendizaje, de reencontrarnos\u201d.<\/em><\/p>\n\n\n\n<p>La programaci\u00f3n de los cortometrajes y producciones la pueden encontrar en las redes de IG @<a href=\"https:\/\/www.instagram.com\/muestradecine.unpaz\/\" data-type=\"link\" data-id=\"https:\/\/www.instagram.com\/muestradecine.unpaz\/\">muestradecine.unpaz.<\/a><\/p>\n\n\n\n<p>Entrevista completa <\/p>\n\n\n<p><iframe loading=\"lazy\" src=\"https:\/\/archive.org\/embed\/entrevista-victoria-gurrieri-07-11-24\" width=\"500\" height=\"60\" frameborder=\"0\" webkitallowfullscreen=\"true\" mozallowfullscreen=\"true\" allowfullscreen><\/iframe><\/p>\n\n\n<p><a href=\"https:\/\/archive.org\/details\/entrevista-victoria-gurrieri-07-11-24\" data-type=\"link\" data-id=\"https:\/\/archive.org\/details\/entrevista-victoria-gurrieri-07-11-24\">Descargar <\/a><\/p>\n\n\n\n<p><\/p>\n","protected":false},"excerpt":{"rendered":"<p>Licenciatura en Producci\u00f3n y Gesti\u00f3n Audiovisual junto con la materia Historia de la Industria Audiovisual Argentina invitan a la Muestra de Cine en la Universidad Nacional de Jos\u00e9. C. Paz. Esta muestra tuvo comienzo el 05 hasta hoy 08 de Noviembre en la sede Central de la Universidad (Alem 4731), y se realizar\u00e1 a partir [&hellip;]<\/p>\n","protected":false},"author":1,"featured_media":6858,"comment_status":"open","ping_status":"open","sticky":false,"template":"","format":"standard","meta":{"footnotes":""},"categories":[1],"tags":[],"class_list":["post-6857","post","type-post","status-publish","format-standard","has-post-thumbnail","hentry","category-blog"],"_links":{"self":[{"href":"https:\/\/fmtinkunaco.ar\/index.php?rest_route=\/wp\/v2\/posts\/6857","targetHints":{"allow":["GET"]}}],"collection":[{"href":"https:\/\/fmtinkunaco.ar\/index.php?rest_route=\/wp\/v2\/posts"}],"about":[{"href":"https:\/\/fmtinkunaco.ar\/index.php?rest_route=\/wp\/v2\/types\/post"}],"author":[{"embeddable":true,"href":"https:\/\/fmtinkunaco.ar\/index.php?rest_route=\/wp\/v2\/users\/1"}],"replies":[{"embeddable":true,"href":"https:\/\/fmtinkunaco.ar\/index.php?rest_route=%2Fwp%2Fv2%2Fcomments&post=6857"}],"version-history":[{"count":2,"href":"https:\/\/fmtinkunaco.ar\/index.php?rest_route=\/wp\/v2\/posts\/6857\/revisions"}],"predecessor-version":[{"id":6873,"href":"https:\/\/fmtinkunaco.ar\/index.php?rest_route=\/wp\/v2\/posts\/6857\/revisions\/6873"}],"wp:featuredmedia":[{"embeddable":true,"href":"https:\/\/fmtinkunaco.ar\/index.php?rest_route=\/wp\/v2\/media\/6858"}],"wp:attachment":[{"href":"https:\/\/fmtinkunaco.ar\/index.php?rest_route=%2Fwp%2Fv2%2Fmedia&parent=6857"}],"wp:term":[{"taxonomy":"category","embeddable":true,"href":"https:\/\/fmtinkunaco.ar\/index.php?rest_route=%2Fwp%2Fv2%2Fcategories&post=6857"},{"taxonomy":"post_tag","embeddable":true,"href":"https:\/\/fmtinkunaco.ar\/index.php?rest_route=%2Fwp%2Fv2%2Ftags&post=6857"}],"curies":[{"name":"wp","href":"https:\/\/api.w.org\/{rel}","templated":true}]}}