{"id":6868,"date":"2024-11-08T14:00:16","date_gmt":"2024-11-08T17:00:16","guid":{"rendered":"https:\/\/fmtinkunaco.ar\/?p=6868"},"modified":"2024-11-11T09:20:48","modified_gmt":"2024-11-11T12:20:48","slug":"pilar-se-mantiene-el-pedido-de-justicia-por-gabriel-eiriz","status":"publish","type":"post","link":"https:\/\/fmtinkunaco.ar\/?p=6868","title":{"rendered":"Pilar: Se mantiene el pedido de justicia por Gabriel Eiriz"},"content":{"rendered":"\n<p><a href=\"https:\/\/fmtinkunaco.ar\/?p=1685\">Gabriel Eiriz<\/a>, fue asesinado el 8 de octubre del 2013, en el jard\u00edn de su casa luego de denunciar una serie de fiestas clandestinas que se realizaban en la casa lindera a la suya en el partido de Pilar.<\/p>\n\n\n\n<p>La familia y allegados de Gabriel, contin\u00faan exigiendo justicia y moviliz\u00e1ndose. La \u00faltima marcha se realiz\u00f3 el domingo 27 de Octubre y concentraron frente a las Fiscal\u00edas de Pilar.<\/p>\n\n\n\n<p>Gisel Eiriz, hermana de Gabriel, se refiri\u00f3 al pedido de justicia <em>\u201cCada a\u00f1o nosotros yendo al municipio a exigir justicia y hacer memoria por mi hermano, siempre hacemos acciones, siempre repudiamos, siempre denunciamos todo esto que yo estoy contando ac\u00e1 y hacemos el recorrido de la impunidad que es pasar por la fiscal\u00eda, la polic\u00eda y el municipio y hace dos a\u00f1os atr\u00e1s en esa movilizaci\u00f3n hicimos una colocaci\u00f3n de una baldosa, en memoria de mi hermano, en la plaza 12 de octubre; antes escribimos una carta p\u00fablica a Federico Achaval pidi\u00e9ndole que resguarde esa baldosa, que es baldosa es importante para que se sepa que hay un crimen impune en el municipio, que es el municipio del que \u00e9l es intendente, que sabemos que \u00e9l trabaja por los derechos humanos, que una baldosa por Memoria, Verdad y Justicia en su municipio &nbsp;\u00e9l &nbsp;la iba a cuidar, la iba a respetar pero no a las pocas horas de haber colocado la baldosa, Federico Achaval mando la orden de que quiten la baldosa\u201d.<\/em><\/p>\n\n\n\n<p>Frente a esta situaci\u00f3n, la familia exige respuestas concretas del municipio y sostienen <em>\u201cNosotros sentimos que Federico Achaval lo que hace es esconder el hecho en s\u00ed mismo, no habla de ese crimen, no lo evidencia, no dice nada. (\u2026) Quiere hacer de cuenta como que esto no sucedi\u00f3\u201d.<\/em><\/p>\n\n\n\n<p>Por las amenazas sufridas por Gabriel previas a su asesinato se imputo a Mariela Fernanda P\u00e9rez Arg\u00fcello, oficial de la Polic\u00eda Federal Argentina y condeno a 2 a\u00f1os de prisi\u00f3n en suspenso y a\u00fan esperan respuestas por los responsables de su asesinato.<\/p>\n\n\n\n<p>La Familia tambi\u00e9n sostiene que Gabriel Eiriz fue v\u00edctima de los negocios clandestinos de la Polic\u00eda, del Municipio de Pilar y de la justicia que lo sigue matando.<\/p>\n\n\n\n<p>Entrevista completa<\/p>\n\n\n<p><iframe loading=\"lazy\" src=\"https:\/\/archive.org\/embed\/entrevista-gisel-eiriz-08-11-24\" width=\"500\" height=\"60\" frameborder=\"0\" webkitallowfullscreen=\"true\" mozallowfullscreen=\"true\" allowfullscreen><\/iframe><\/p>\n\n\n<p><a href=\"https:\/\/archive.org\/details\/entrevista-gisel-eiriz-08-11-24\" data-type=\"link\" data-id=\"https:\/\/archive.org\/details\/entrevista-gisel-eiriz-08-11-24\">Descargar<\/a> <\/p>\n","protected":false},"excerpt":{"rendered":"<p>Gabriel Eiriz, fue asesinado el 8 de octubre del 2013, en el jard\u00edn de su casa luego de denunciar una serie de fiestas clandestinas que se realizaban en la casa lindera a la suya en el partido de Pilar. La familia y allegados de Gabriel, contin\u00faan exigiendo justicia y moviliz\u00e1ndose. La \u00faltima marcha se realiz\u00f3 [&hellip;]<\/p>\n","protected":false},"author":1,"featured_media":6869,"comment_status":"open","ping_status":"open","sticky":false,"template":"","format":"standard","meta":{"footnotes":""},"categories":[1],"tags":[],"class_list":["post-6868","post","type-post","status-publish","format-standard","has-post-thumbnail","hentry","category-blog"],"_links":{"self":[{"href":"https:\/\/fmtinkunaco.ar\/index.php?rest_route=\/wp\/v2\/posts\/6868","targetHints":{"allow":["GET"]}}],"collection":[{"href":"https:\/\/fmtinkunaco.ar\/index.php?rest_route=\/wp\/v2\/posts"}],"about":[{"href":"https:\/\/fmtinkunaco.ar\/index.php?rest_route=\/wp\/v2\/types\/post"}],"author":[{"embeddable":true,"href":"https:\/\/fmtinkunaco.ar\/index.php?rest_route=\/wp\/v2\/users\/1"}],"replies":[{"embeddable":true,"href":"https:\/\/fmtinkunaco.ar\/index.php?rest_route=%2Fwp%2Fv2%2Fcomments&post=6868"}],"version-history":[{"count":2,"href":"https:\/\/fmtinkunaco.ar\/index.php?rest_route=\/wp\/v2\/posts\/6868\/revisions"}],"predecessor-version":[{"id":6871,"href":"https:\/\/fmtinkunaco.ar\/index.php?rest_route=\/wp\/v2\/posts\/6868\/revisions\/6871"}],"wp:featuredmedia":[{"embeddable":true,"href":"https:\/\/fmtinkunaco.ar\/index.php?rest_route=\/wp\/v2\/media\/6869"}],"wp:attachment":[{"href":"https:\/\/fmtinkunaco.ar\/index.php?rest_route=%2Fwp%2Fv2%2Fmedia&parent=6868"}],"wp:term":[{"taxonomy":"category","embeddable":true,"href":"https:\/\/fmtinkunaco.ar\/index.php?rest_route=%2Fwp%2Fv2%2Fcategories&post=6868"},{"taxonomy":"post_tag","embeddable":true,"href":"https:\/\/fmtinkunaco.ar\/index.php?rest_route=%2Fwp%2Fv2%2Ftags&post=6868"}],"curies":[{"name":"wp","href":"https:\/\/api.w.org\/{rel}","templated":true}]}}