{"id":6880,"date":"2024-11-13T14:22:48","date_gmt":"2024-11-13T17:22:48","guid":{"rendered":"https:\/\/fmtinkunaco.ar\/?p=6880"},"modified":"2024-11-13T14:22:48","modified_gmt":"2024-11-13T17:22:48","slug":"la-utep-lleva-a-la-comision-interamericana-el-reclamo-de-la-destruccion-de-las-politicas-sociales-y-alimentarias","status":"publish","type":"post","link":"https:\/\/fmtinkunaco.ar\/?p=6880","title":{"rendered":"La UTEP lleva a la Comisi\u00f3n Interamericana el reclamo de la destrucci\u00f3n de las pol\u00edticas sociales y alimentarias"},"content":{"rendered":"\n<p>Ma\u00f1ana, jueves 14 de noviembre,&nbsp; la Uni\u00f3n de Trabajadores y Trabajadoras de la Econom\u00eda Popular (UTEP) en conjunto con el Centro de Estudios Legales y Sociales (CELS) y Mujeres en Empleo Informal Globalizando y Organizando (WIEGO) se presentar\u00e1n en audiencia ante la Comisi\u00f3n Interamericana de Derechos Humanos (CIDH) dependiente de la Organizaci\u00f3n de Estados Americanos (OEA) por el incumplimiento de la pol\u00edtica social y alimentaria vigente por parte del gobierno Argentino, que tambi\u00e9n est\u00e1 citado a participar.<br><br>Johana Duarte, referente de la UTEP, describi\u00f3 c\u00f3mo se llega a esta audiencia <em>\u201cEsta presentaci\u00f3n a nivel internacional es en el marco de haber agotado las instancias judiciales en Argentina para el cumplimiento de algo tan b\u00e1sico como es lo que le estamos reclamando y demandando que es el cumplimiento de la ejecuci\u00f3n de las pol\u00edticas alimentarias y el abastecimiento de la comida a los comedores y merenderos. (\u2026) Un reclamo que venimos haciendo desde la UTEP, que venimos denunciando que hay una situaci\u00f3n de gravedad terrible en el territorio ante la emergencia alimentaria que se vive, una desprotecci\u00f3n por parte del Estado y eso nos preocupa enormemente\u201d.<\/em><\/p>\n\n\n\n<p>Alejandro Gramajo, secretario general de la UTEP, es quien expondr\u00e1 de manera virtual en la audiencia y compartir\u00e1 la grave situaci\u00f3n que se encuentran viviendo los sectores m\u00e1s vulnerables de nuestro pa\u00eds.<\/p>\n\n\n\n<p>Duarte, adem\u00e1s sostuvo <em>\u201cHan desarticulado todas las pol\u00edticas alimentarias que iban en pos de fortalecer las redes comunitarias que garantizaban que la comida llegase a aquellos argentinos que no tienen posibilidad de garantizar la comida\u201d.<\/em><br><br>La audiencia se puede seguir a trav\u00e9s de la p\u00e1gina de la CIDH en youtube y la intervenci\u00f3n de la UTEP ser\u00e1 a las 13hs.<\/p>\n\n\n\n<p><br>Compartimos la entrevista completa<\/p>\n\n\n\n<p><a href=\"https:\/\/archive.org\/details\/audio-johana-duarte-utep-13-11\">Descargar<\/a><\/p>\n\n\n<p><iframe loading=\"lazy\" src=\"https:\/\/archive.org\/embed\/audio-johana-duarte-utep-13-11\" width=\"500\" height=\"60\" frameborder=\"0\" webkitallowfullscreen=\"true\" mozallowfullscreen=\"true\" allowfullscreen><\/iframe><\/p>","protected":false},"excerpt":{"rendered":"<p>Ma\u00f1ana, jueves 14 de noviembre,&nbsp; la Uni\u00f3n de Trabajadores y Trabajadoras de la Econom\u00eda Popular (UTEP) en conjunto con el Centro de Estudios Legales y Sociales (CELS) y Mujeres en Empleo Informal Globalizando y Organizando (WIEGO) se presentar\u00e1n en audiencia ante la Comisi\u00f3n Interamericana de Derechos Humanos (CIDH) dependiente de la Organizaci\u00f3n de Estados Americanos [&hellip;]<\/p>\n","protected":false},"author":1,"featured_media":6881,"comment_status":"open","ping_status":"open","sticky":false,"template":"","format":"standard","meta":{"footnotes":""},"categories":[1],"tags":[],"class_list":["post-6880","post","type-post","status-publish","format-standard","has-post-thumbnail","hentry","category-blog"],"_links":{"self":[{"href":"https:\/\/fmtinkunaco.ar\/index.php?rest_route=\/wp\/v2\/posts\/6880","targetHints":{"allow":["GET"]}}],"collection":[{"href":"https:\/\/fmtinkunaco.ar\/index.php?rest_route=\/wp\/v2\/posts"}],"about":[{"href":"https:\/\/fmtinkunaco.ar\/index.php?rest_route=\/wp\/v2\/types\/post"}],"author":[{"embeddable":true,"href":"https:\/\/fmtinkunaco.ar\/index.php?rest_route=\/wp\/v2\/users\/1"}],"replies":[{"embeddable":true,"href":"https:\/\/fmtinkunaco.ar\/index.php?rest_route=%2Fwp%2Fv2%2Fcomments&post=6880"}],"version-history":[{"count":1,"href":"https:\/\/fmtinkunaco.ar\/index.php?rest_route=\/wp\/v2\/posts\/6880\/revisions"}],"predecessor-version":[{"id":6882,"href":"https:\/\/fmtinkunaco.ar\/index.php?rest_route=\/wp\/v2\/posts\/6880\/revisions\/6882"}],"wp:featuredmedia":[{"embeddable":true,"href":"https:\/\/fmtinkunaco.ar\/index.php?rest_route=\/wp\/v2\/media\/6881"}],"wp:attachment":[{"href":"https:\/\/fmtinkunaco.ar\/index.php?rest_route=%2Fwp%2Fv2%2Fmedia&parent=6880"}],"wp:term":[{"taxonomy":"category","embeddable":true,"href":"https:\/\/fmtinkunaco.ar\/index.php?rest_route=%2Fwp%2Fv2%2Fcategories&post=6880"},{"taxonomy":"post_tag","embeddable":true,"href":"https:\/\/fmtinkunaco.ar\/index.php?rest_route=%2Fwp%2Fv2%2Ftags&post=6880"}],"curies":[{"name":"wp","href":"https:\/\/api.w.org\/{rel}","templated":true}]}}