{"id":6883,"date":"2024-11-14T10:51:14","date_gmt":"2024-11-14T13:51:14","guid":{"rendered":"https:\/\/fmtinkunaco.ar\/?p=6883"},"modified":"2024-11-14T10:52:18","modified_gmt":"2024-11-14T13:52:18","slug":"pena-por-el-espacio-de-la-memoria-en-campo-de-mayo","status":"publish","type":"post","link":"https:\/\/fmtinkunaco.ar\/?p=6883","title":{"rendered":"Pe\u00f1a por el Espacio de la memoria en Campo de Mayo"},"content":{"rendered":"\n<p>Este viernes 15 de noviembre la Mesa por la Memoria de Campo de Mayo organiza una Pe\u00f1a en el Centro Cultural Alfonsina Storni (Av. Pres. Juan Domingo Per\u00f3n 2651, Los Polvorines).<\/p>\n\n\n\n<p>Esta ser\u00e1 con entrada gratuita a partir de las 18hs y contar\u00e1 con taller de folklore, buffet popular, charla debate y con la presentaci\u00f3n de artistas invitados.<\/p>\n\n\n\n<p>Jimena De Lara, integrante de la Mesa por la Memoria, se refer\u00eda a la jornada \u201c<em>Esta pe\u00f1a surge en el marco de diferentes acciones y un trabajo sostenido que venimos realizando desde la Mesa por Campo de Mayo, una mesa en la que participan diferentes espacios organizaciones,&nbsp; vecinos y vecinas de la zona con el objetivo principal de impulsar y mantener el reclamo por la construcci\u00f3n del Espacio por la Memoria en Campo de Mayo\u201d.<\/em><\/p>\n\n\n\n<p>De Lara tambi\u00e9n mencionaba la importancia del festival \u201c<em>Es tambi\u00e9n poder discutir y trabajar respecto de los Derechos humanos de ayer y de hoy, entendemos que est\u00e1 m\u00e1s vigente que nunca la necesidad de continuar trabajando sobre esos temas (\u2026) La idea es realizar un espacio de encuentro del festival pero tambi\u00e9n de debate y de discusi\u00f3n respecto de qu\u00e9 es lo que nuestro pueblo necesita, quiere, reclama, sostiene y sigue defendiendo\u201d.<\/em><\/p>\n\n\n\n<p>La actividad se suspende en caso de lluvia.<\/p>\n\n\n<div class=\"wp-block-image\">\n<figure class=\"aligncenter size-large is-resized\"><img loading=\"lazy\" decoding=\"async\" width=\"819\" height=\"1024\" src=\"https:\/\/fmtinkunaco.ar\/wp-content\/uploads\/2024\/11\/SaveClip.App_466795994_18257628307270425_217997321577381963_n-819x1024.jpg\" alt=\"\" class=\"wp-image-6885\" style=\"aspect-ratio:0.7998046875;width:561px;height:auto\" srcset=\"https:\/\/fmtinkunaco.ar\/wp-content\/uploads\/2024\/11\/SaveClip.App_466795994_18257628307270425_217997321577381963_n-819x1024.jpg 819w, https:\/\/fmtinkunaco.ar\/wp-content\/uploads\/2024\/11\/SaveClip.App_466795994_18257628307270425_217997321577381963_n-240x300.jpg 240w, https:\/\/fmtinkunaco.ar\/wp-content\/uploads\/2024\/11\/SaveClip.App_466795994_18257628307270425_217997321577381963_n-768x960.jpg 768w, https:\/\/fmtinkunaco.ar\/wp-content\/uploads\/2024\/11\/SaveClip.App_466795994_18257628307270425_217997321577381963_n.jpg 1080w\" sizes=\"auto, (max-width: 819px) 100vw, 819px\" \/><\/figure>\n<\/div>\n\n\n<p>Entrevista completa en el Noticiero Encuentro con las Noticias<\/p>\n\n\n<p><iframe loading=\"lazy\" src=\"https:\/\/archive.org\/embed\/entrevista-jimena-de-lara-14-11-24\" width=\"500\" height=\"60\" frameborder=\"0\" webkitallowfullscreen=\"true\" mozallowfullscreen=\"true\" allowfullscreen><\/iframe><\/p>\n\n\n<p><a href=\"https:\/\/archive.org\/details\/entrevista-jimena-de-lara-14-11-24\" data-type=\"link\" data-id=\"https:\/\/archive.org\/details\/entrevista-jimena-de-lara-14-11-24\">Descargar<\/a><\/p>\n","protected":false},"excerpt":{"rendered":"<p>Este viernes 15 de noviembre la Mesa por la Memoria de Campo de Mayo organiza una Pe\u00f1a en el Centro Cultural Alfonsina Storni (Av. Pres. Juan Domingo Per\u00f3n 2651, Los Polvorines). Esta ser\u00e1 con entrada gratuita a partir de las 18hs y contar\u00e1 con taller de folklore, buffet popular, charla debate y con la presentaci\u00f3n [&hellip;]<\/p>\n","protected":false},"author":1,"featured_media":6884,"comment_status":"open","ping_status":"open","sticky":false,"template":"","format":"standard","meta":{"footnotes":""},"categories":[1],"tags":[],"class_list":["post-6883","post","type-post","status-publish","format-standard","has-post-thumbnail","hentry","category-blog"],"_links":{"self":[{"href":"https:\/\/fmtinkunaco.ar\/index.php?rest_route=\/wp\/v2\/posts\/6883","targetHints":{"allow":["GET"]}}],"collection":[{"href":"https:\/\/fmtinkunaco.ar\/index.php?rest_route=\/wp\/v2\/posts"}],"about":[{"href":"https:\/\/fmtinkunaco.ar\/index.php?rest_route=\/wp\/v2\/types\/post"}],"author":[{"embeddable":true,"href":"https:\/\/fmtinkunaco.ar\/index.php?rest_route=\/wp\/v2\/users\/1"}],"replies":[{"embeddable":true,"href":"https:\/\/fmtinkunaco.ar\/index.php?rest_route=%2Fwp%2Fv2%2Fcomments&post=6883"}],"version-history":[{"count":2,"href":"https:\/\/fmtinkunaco.ar\/index.php?rest_route=\/wp\/v2\/posts\/6883\/revisions"}],"predecessor-version":[{"id":6887,"href":"https:\/\/fmtinkunaco.ar\/index.php?rest_route=\/wp\/v2\/posts\/6883\/revisions\/6887"}],"wp:featuredmedia":[{"embeddable":true,"href":"https:\/\/fmtinkunaco.ar\/index.php?rest_route=\/wp\/v2\/media\/6884"}],"wp:attachment":[{"href":"https:\/\/fmtinkunaco.ar\/index.php?rest_route=%2Fwp%2Fv2%2Fmedia&parent=6883"}],"wp:term":[{"taxonomy":"category","embeddable":true,"href":"https:\/\/fmtinkunaco.ar\/index.php?rest_route=%2Fwp%2Fv2%2Fcategories&post=6883"},{"taxonomy":"post_tag","embeddable":true,"href":"https:\/\/fmtinkunaco.ar\/index.php?rest_route=%2Fwp%2Fv2%2Ftags&post=6883"}],"curies":[{"name":"wp","href":"https:\/\/api.w.org\/{rel}","templated":true}]}}