{"id":6888,"date":"2024-11-15T13:22:08","date_gmt":"2024-11-15T16:22:08","guid":{"rendered":"https:\/\/fmtinkunaco.ar\/?p=6888"},"modified":"2024-11-15T13:22:09","modified_gmt":"2024-11-15T16:22:09","slug":"el-centro-cultural-y-comunitario-el-encuentro-pide-colaboracion-para-su-reconstruccion","status":"publish","type":"post","link":"https:\/\/fmtinkunaco.ar\/?p=6888","title":{"rendered":"El Centro Cultural y Comunitario El Encuentro pide colaboraci\u00f3n para su reconstrucci\u00f3n"},"content":{"rendered":"\n<p>El Centro Cultural y Comunitario El Encuentro, ubicado en el barrio Santa Br\u00edgida de Moreno, se encuentra en plena reconstrucci\u00f3n luego del temporal del mes de diciembre del 2023 que dejo como saldo la p\u00e9rdida del techo y la instalaci\u00f3n el\u00e9ctrica en su totalidad.<\/p>\n\n\n\n<p>Actualmente, el centro se encuentra funcionando en un centro cultural municipal mientras pueden reconstruir el espacio que sostienen hace 22 a\u00f1os.<\/p>\n\n\n\n<p>Nadia Orieta, Educadora Popular del Centro Cultural y Comunitario El Encuentro, explic\u00f3 <em>\u201cQueremos recuperar nuestro espacio y estamos haciendo actividades para recaudar fondos para poder abrir. (\u2026) Nosotros pusimos un alias para los que nos conocen y saben c\u00f3mo trabajamos para que puedan colaborar, se van a hacer distintas jornadas de trabajo para ir recuperando el techo y las paredes. El alias es <strong>ccelencuentro<\/strong> y est\u00e1 a nombre de S\u00e1nchez Gisella Gabriela\u201d.<\/em><\/p>\n\n\n\n<p>Las fechas de las jornadas de limpieza y reconstrucci\u00f3n se informar\u00e1n a trav\u00e9s de su instagram @ccc.elencuentro.<\/p>\n\n\n\n<p>Orieta, adem\u00e1s, record\u00f3 los inicios de la organizaci\u00f3n <em>\u201cEn el 2001 empezaron los compa\u00f1eros a trabajar con chicos de bajo peso en el Encuentro que ven\u00edan derivados de las escuelas y de las salitas, all\u00e1 por el 2001 cuando estaba el pa\u00eds re mal entonces nos mandaban a los chicos\u201d.<\/em><\/p>\n\n\n\n<p>El Centro Cultural y Comunitario precisa recaudar fondos para comprar materiales de construcci\u00f3n para esta *primera etapa*: Ladrillos huecos, Bolsas de Cemento, Placas de fen\u00f3licos, Arena, Piedra, Tirantes, Clavos.<\/p>\n","protected":false},"excerpt":{"rendered":"<p>El Centro Cultural y Comunitario El Encuentro, ubicado en el barrio Santa Br\u00edgida de Moreno, se encuentra en plena reconstrucci\u00f3n luego del temporal del mes de diciembre del 2023 que dejo como saldo la p\u00e9rdida del techo y la instalaci\u00f3n el\u00e9ctrica en su totalidad. Actualmente, el centro se encuentra funcionando en un centro cultural municipal [&hellip;]<\/p>\n","protected":false},"author":1,"featured_media":6890,"comment_status":"open","ping_status":"open","sticky":false,"template":"","format":"standard","meta":{"footnotes":""},"categories":[1],"tags":[],"class_list":["post-6888","post","type-post","status-publish","format-standard","has-post-thumbnail","hentry","category-blog"],"_links":{"self":[{"href":"https:\/\/fmtinkunaco.ar\/index.php?rest_route=\/wp\/v2\/posts\/6888","targetHints":{"allow":["GET"]}}],"collection":[{"href":"https:\/\/fmtinkunaco.ar\/index.php?rest_route=\/wp\/v2\/posts"}],"about":[{"href":"https:\/\/fmtinkunaco.ar\/index.php?rest_route=\/wp\/v2\/types\/post"}],"author":[{"embeddable":true,"href":"https:\/\/fmtinkunaco.ar\/index.php?rest_route=\/wp\/v2\/users\/1"}],"replies":[{"embeddable":true,"href":"https:\/\/fmtinkunaco.ar\/index.php?rest_route=%2Fwp%2Fv2%2Fcomments&post=6888"}],"version-history":[{"count":1,"href":"https:\/\/fmtinkunaco.ar\/index.php?rest_route=\/wp\/v2\/posts\/6888\/revisions"}],"predecessor-version":[{"id":6891,"href":"https:\/\/fmtinkunaco.ar\/index.php?rest_route=\/wp\/v2\/posts\/6888\/revisions\/6891"}],"wp:featuredmedia":[{"embeddable":true,"href":"https:\/\/fmtinkunaco.ar\/index.php?rest_route=\/wp\/v2\/media\/6890"}],"wp:attachment":[{"href":"https:\/\/fmtinkunaco.ar\/index.php?rest_route=%2Fwp%2Fv2%2Fmedia&parent=6888"}],"wp:term":[{"taxonomy":"category","embeddable":true,"href":"https:\/\/fmtinkunaco.ar\/index.php?rest_route=%2Fwp%2Fv2%2Fcategories&post=6888"},{"taxonomy":"post_tag","embeddable":true,"href":"https:\/\/fmtinkunaco.ar\/index.php?rest_route=%2Fwp%2Fv2%2Ftags&post=6888"}],"curies":[{"name":"wp","href":"https:\/\/api.w.org\/{rel}","templated":true}]}}