{"id":6893,"date":"2024-11-20T09:46:29","date_gmt":"2024-11-20T12:46:29","guid":{"rendered":"https:\/\/fmtinkunaco.ar\/?p=6893"},"modified":"2024-11-20T09:46:29","modified_gmt":"2024-11-20T12:46:29","slug":"jornada-de-concientizacion-por-el-dia-internacional-de-la-eliminacion-de-la-violencia-contra-la-mujer-con-el-trato-no-hay-maltrato","status":"publish","type":"post","link":"https:\/\/fmtinkunaco.ar\/?p=6893","title":{"rendered":"Jornada de Concientizaci\u00f3n por el D\u00eda Internacional de la Eliminaci\u00f3n de la Violencia contra la Mujer \u201cCon el trato no hay maltrato\u201d"},"content":{"rendered":"\n<p>Este 28 de Noviembre el Centro Comunitario El Ceibo invita a una jornada de visibilizaci\u00f3n y concientizaci\u00f3n sobre la violencia contra la mujer, se realizar\u00e1 en la Plaza Oribe (Calle Oribe entre Andersen y Carmen Puch) de 10 a 14hs.<\/p>\n\n\n\n<p>Laura Salva, educadora del Centro, explicaba \u201c<em>Nos parec\u00eda importante concientizar respecto de c\u00f3mo es el trato con las infancias y tambi\u00e9n compartirlo con la comunidad. As\u00ed que van a haber diferentes actividades, vamos a estar interviniendo el espacio con diferentes propuestas de todas las salas. Las infancias van de 6 a 18 a\u00f1os, as\u00ed que hay diferentes propuesta para todas las edades\u201d.<\/em><\/p>\n\n\n\n<p>La actividad ser\u00e1 abierta a la comunidad y en el marco del 25 de Noviembre \u201cD\u00eda Internacional de la Eliminaci\u00f3n de la Violencia contra la Mujer\u201d.<\/p>\n\n\n\n<p>Entrevista Completa<\/p>\n\n\n<p><iframe loading=\"lazy\" src=\"https:\/\/archive.org\/embed\/entrevista-laura-salva-19-11-24\" width=\"500\" height=\"60\" frameborder=\"0\" webkitallowfullscreen=\"true\" mozallowfullscreen=\"true\" allowfullscreen><\/iframe><\/p>\n\n\n<p><a href=\"https:\/\/archive.org\/details\/entrevista-laura-salva-19-11-24\" data-type=\"link\" data-id=\"https:\/\/archive.org\/details\/entrevista-laura-salva-19-11-24\">Descargar<\/a><\/p>\n","protected":false},"excerpt":{"rendered":"<p>Este 28 de Noviembre el Centro Comunitario El Ceibo invita a una jornada de visibilizaci\u00f3n y concientizaci\u00f3n sobre la violencia contra la mujer, se realizar\u00e1 en la Plaza Oribe (Calle Oribe entre Andersen y Carmen Puch) de 10 a 14hs. Laura Salva, educadora del Centro, explicaba \u201cNos parec\u00eda importante concientizar respecto de c\u00f3mo es el [&hellip;]<\/p>\n","protected":false},"author":1,"featured_media":6894,"comment_status":"open","ping_status":"open","sticky":false,"template":"","format":"standard","meta":{"footnotes":""},"categories":[1],"tags":[],"class_list":["post-6893","post","type-post","status-publish","format-standard","has-post-thumbnail","hentry","category-blog"],"_links":{"self":[{"href":"https:\/\/fmtinkunaco.ar\/index.php?rest_route=\/wp\/v2\/posts\/6893","targetHints":{"allow":["GET"]}}],"collection":[{"href":"https:\/\/fmtinkunaco.ar\/index.php?rest_route=\/wp\/v2\/posts"}],"about":[{"href":"https:\/\/fmtinkunaco.ar\/index.php?rest_route=\/wp\/v2\/types\/post"}],"author":[{"embeddable":true,"href":"https:\/\/fmtinkunaco.ar\/index.php?rest_route=\/wp\/v2\/users\/1"}],"replies":[{"embeddable":true,"href":"https:\/\/fmtinkunaco.ar\/index.php?rest_route=%2Fwp%2Fv2%2Fcomments&post=6893"}],"version-history":[{"count":1,"href":"https:\/\/fmtinkunaco.ar\/index.php?rest_route=\/wp\/v2\/posts\/6893\/revisions"}],"predecessor-version":[{"id":6895,"href":"https:\/\/fmtinkunaco.ar\/index.php?rest_route=\/wp\/v2\/posts\/6893\/revisions\/6895"}],"wp:featuredmedia":[{"embeddable":true,"href":"https:\/\/fmtinkunaco.ar\/index.php?rest_route=\/wp\/v2\/media\/6894"}],"wp:attachment":[{"href":"https:\/\/fmtinkunaco.ar\/index.php?rest_route=%2Fwp%2Fv2%2Fmedia&parent=6893"}],"wp:term":[{"taxonomy":"category","embeddable":true,"href":"https:\/\/fmtinkunaco.ar\/index.php?rest_route=%2Fwp%2Fv2%2Fcategories&post=6893"},{"taxonomy":"post_tag","embeddable":true,"href":"https:\/\/fmtinkunaco.ar\/index.php?rest_route=%2Fwp%2Fv2%2Ftags&post=6893"}],"curies":[{"name":"wp","href":"https:\/\/api.w.org\/{rel}","templated":true}]}}