{"id":6896,"date":"2024-11-20T11:14:05","date_gmt":"2024-11-20T14:14:05","guid":{"rendered":"https:\/\/fmtinkunaco.ar\/?p=6896"},"modified":"2024-11-20T11:14:05","modified_gmt":"2024-11-20T14:14:05","slug":"el-grupo-solidario-ollas-de-la-calle-te-invita-a-ser-parte-de-sus-iniciativas","status":"publish","type":"post","link":"https:\/\/fmtinkunaco.ar\/?p=6896","title":{"rendered":"El Grupo Solidario \u201cOllas de la calle\u201d te invita a ser parte de sus iniciativas"},"content":{"rendered":"\n<p>La organizaci\u00f3n \u201cOllas de la calle\u201d est\u00e1 conformada por vecinos que hace 15 a\u00f1os &nbsp;se dedican a ayudar y acompa\u00f1ar personas en situaci\u00f3n de calle y bajos recursos.<\/p>\n\n\n\n<p>Como todos los a\u00f1os est\u00e1n realizando una Rifa Solidaria de fin de a\u00f1o que se sortear\u00e1 el 21 de diciembre.<\/p>\n\n\n\n<p>Sonia Seidenaci, forma parte de \u201cOllas de la Calle\u201d, y comentaba el trabajo que hacen \u201c<em>Salimos a la calle a entregar viandas a la gente en situaci\u00f3n de calle, a gente indigente, despu\u00e9s vamos afuera del Hospital Larcade y terminamos en la Plaza de San Miguel. Entregamos las viandas que hacemos nosotros, con buenos productos de primera. Una vianda, postre, jugo y pan\u201d.<\/em><\/p>\n\n\n\n<p>Con respecto a sus inicios, Sonia mencionaba \u201c<em>Salimos todos los jueves, una vez por semana. El que inici\u00f3 esto hace 15 a\u00f1os sal\u00eda todos los d\u00edas con merienda, pero bueno dada la situaci\u00f3n podemos trabajar solamente una vez por semana y con donaciones. Por eso estamos haciendo una rifa como todos los a\u00f1os para el 21 de Diciembre\u201d.<\/em><\/p>\n\n\n\n<p>Este trabajo solidario que vienen realizando es de suma importancia en un contexto donde se hace cada vez m\u00e1s dif\u00edcil sostener necesidades b\u00e1sicas. De manera que el n\u00famero de personas en situaci\u00f3n de vulnerabilidad no deja de aumentar, en palabras de Sonia \u201c<em>Llevamos viandas para 160 personas, y a veces muy tristemente la gente quiere repetir y no tenemos m\u00e1s en la olla. Nos da mucho dolor y mucha tristeza, a veces no nos alcanza para todos. Hay muchos ni\u00f1os, hay mucha gente anciana, <strong>hay cada vez m\u00e1s gente<\/strong>\u201d<\/em><\/p>\n\n\n\n<p>La organizaci\u00f3n recibe todo tipo de colaboraciones: transferencias al alias ollasdelacalle.mp; donaciones de ropa, calzado y frazadas en buen estado; alimentos no perecederos, carne, verdura, pan, jugos, bandejas y cubiertos descartables. Para ayudar de cualquier forma se pueden contactar al IG @<a href=\"https:\/\/www.instagram.com\/ollasdelacallesanmiguel\/\" data-type=\"link\" data-id=\"https:\/\/www.instagram.com\/ollasdelacallesanmiguel\/\">ollasdelacallesanmiguel<\/a>.<\/p>\n\n\n<div class=\"wp-block-image\">\n<figure class=\"aligncenter size-full\"><img loading=\"lazy\" decoding=\"async\" width=\"297\" height=\"299\" src=\"https:\/\/fmtinkunaco.ar\/wp-content\/uploads\/2024\/11\/7ut7u7.jpeg\" alt=\"\" class=\"wp-image-6898\" srcset=\"https:\/\/fmtinkunaco.ar\/wp-content\/uploads\/2024\/11\/7ut7u7.jpeg 297w, https:\/\/fmtinkunaco.ar\/wp-content\/uploads\/2024\/11\/7ut7u7-150x150.jpeg 150w\" sizes=\"auto, (max-width: 297px) 100vw, 297px\" \/><\/figure>\n<\/div>\n\n\n<p>Entrevista completa<\/p>\n\n\n<p><iframe loading=\"lazy\" src=\"https:\/\/archive.org\/embed\/entrevista-sonia-seidenaci-ollas-de-la-calle-20-11-24\" width=\"500\" height=\"60\" frameborder=\"0\" webkitallowfullscreen=\"true\" mozallowfullscreen=\"true\" allowfullscreen><\/iframe><\/p>\n\n\n<p><a href=\"https:\/\/archive.org\/details\/entrevista-sonia-seidenaci-ollas-de-la-calle-20-11-24\" data-type=\"link\" data-id=\"https:\/\/archive.org\/details\/entrevista-sonia-seidenaci-ollas-de-la-calle-20-11-24\">Descargar &nbsp;<\/a><\/p>\n","protected":false},"excerpt":{"rendered":"<p>La organizaci\u00f3n \u201cOllas de la calle\u201d est\u00e1 conformada por vecinos que hace 15 a\u00f1os &nbsp;se dedican a ayudar y acompa\u00f1ar personas en situaci\u00f3n de calle y bajos recursos. Como todos los a\u00f1os est\u00e1n realizando una Rifa Solidaria de fin de a\u00f1o que se sortear\u00e1 el 21 de diciembre. Sonia Seidenaci, forma parte de \u201cOllas de [&hellip;]<\/p>\n","protected":false},"author":1,"featured_media":6897,"comment_status":"open","ping_status":"open","sticky":false,"template":"","format":"standard","meta":{"footnotes":""},"categories":[1],"tags":[],"class_list":["post-6896","post","type-post","status-publish","format-standard","has-post-thumbnail","hentry","category-blog"],"_links":{"self":[{"href":"https:\/\/fmtinkunaco.ar\/index.php?rest_route=\/wp\/v2\/posts\/6896","targetHints":{"allow":["GET"]}}],"collection":[{"href":"https:\/\/fmtinkunaco.ar\/index.php?rest_route=\/wp\/v2\/posts"}],"about":[{"href":"https:\/\/fmtinkunaco.ar\/index.php?rest_route=\/wp\/v2\/types\/post"}],"author":[{"embeddable":true,"href":"https:\/\/fmtinkunaco.ar\/index.php?rest_route=\/wp\/v2\/users\/1"}],"replies":[{"embeddable":true,"href":"https:\/\/fmtinkunaco.ar\/index.php?rest_route=%2Fwp%2Fv2%2Fcomments&post=6896"}],"version-history":[{"count":1,"href":"https:\/\/fmtinkunaco.ar\/index.php?rest_route=\/wp\/v2\/posts\/6896\/revisions"}],"predecessor-version":[{"id":6899,"href":"https:\/\/fmtinkunaco.ar\/index.php?rest_route=\/wp\/v2\/posts\/6896\/revisions\/6899"}],"wp:featuredmedia":[{"embeddable":true,"href":"https:\/\/fmtinkunaco.ar\/index.php?rest_route=\/wp\/v2\/media\/6897"}],"wp:attachment":[{"href":"https:\/\/fmtinkunaco.ar\/index.php?rest_route=%2Fwp%2Fv2%2Fmedia&parent=6896"}],"wp:term":[{"taxonomy":"category","embeddable":true,"href":"https:\/\/fmtinkunaco.ar\/index.php?rest_route=%2Fwp%2Fv2%2Fcategories&post=6896"},{"taxonomy":"post_tag","embeddable":true,"href":"https:\/\/fmtinkunaco.ar\/index.php?rest_route=%2Fwp%2Fv2%2Ftags&post=6896"}],"curies":[{"name":"wp","href":"https:\/\/api.w.org\/{rel}","templated":true}]}}