{"id":6903,"date":"2024-11-22T10:45:12","date_gmt":"2024-11-22T13:45:12","guid":{"rendered":"https:\/\/fmtinkunaco.ar\/?p=6903"},"modified":"2024-11-22T10:45:36","modified_gmt":"2024-11-22T13:45:36","slug":"el-programa-radial-coonurock-celebra-su-7mo-aniversario","status":"publish","type":"post","link":"https:\/\/fmtinkunaco.ar\/?p=6903","title":{"rendered":"El Programa Radial \u201cCoonurock\u201d celebra su 7mo Aniversario"},"content":{"rendered":"\n<p><strong>\u201cCoonurock\u201d<\/strong>, es un proyecto enteramente producido y ejecutado por la Cooperativa de Servicios Audiovisuales El Ojo Negro, que adem\u00e1s de realizar su programa radial, celebra cada a\u00f1o de trabajo con un festival.<\/p>\n\n\n\n<p>El Festival de este a\u00f1o se realiza en el Centro Cultural Ra\u00edces el pr\u00f3ximo s\u00e1bado 23 de noviembre y celebra los siete a\u00f1os de trabajo con radio abierta, feria de lxs caracolxs, entrega de distinciones, presentaci\u00f3n de libro y mucho m\u00e1s.<\/p>\n\n\n\n<p>Rafael Esquivel, integra la Cooperativa de Servicios Audiovisuales El Ojo Negro, se refiri\u00f3 a la felicidad por un nuevo festival <em>\u201cEstamos bastante ansioso, ya van siete a\u00f1os de hacer comenzado este proyecto, arranc\u00f3 como un proyecto de radio all\u00e1 por el 2018, (\u2026) y en estos siete a\u00f1o nos fuimos adaptando a diferentes situaciones y generando nuevas cosas\u201d.<\/em><\/p>\n\n\n\n<p>Esquivel, adem\u00e1s, describi\u00f3 lo que habr\u00eda en el festival <em>\u201cEstamos en la organizaci\u00f3n de este s\u00e9ptimo festival, &nbsp;que es el s\u00e9ptimo aniversario de Coonurock, va a ser en el Centro Cultural Ra\u00edces ah\u00ed en San Miguel que es un lugar hist\u00f3rico para los que conocen. (\u2026) Y m\u00e1s que nada teniendo en cuenta todo este contexto que estamos viviendo me parece que en un momento muy importante para ir al encuentro, y para fortalecer todas estas cosas, quiz\u00e1s para nosotros el programa de radio es una escusa pero todas las cosas que fuimos generando en estos siete a\u00f1os de conocer artistas nuevos, conocer espacios, participar de otras actividades con otros colectivos, conocer otras provincias, conocer otros pa\u00edses, y la verdad que eso tiene que ver con todo esto que estamos construyendo\u201d.<\/em><br><br>&nbsp;La invitaci\u00f3n es este pr\u00f3ximo s\u00e1bado 23 de noviembre, a partir de las 18hs, en el Centro Cultural Ra\u00edces \u2013 Sarmiento 1810, Esquina Espa\u00f1a, San Miguel.<\/p>\n\n\n\n<p><strong>Fotograf\u00eda:<\/strong> Sof\u00eda Bellene<\/p>\n\n\n\n<p>Compartimos la entrevista completa<\/p>\n\n\n\n<p><a href=\"https:\/\/archive.org\/details\/audio-rafael-esquivel-22-11\">Descargar<\/a><\/p>\n\n\n<p><iframe loading=\"lazy\" src=\"https:\/\/archive.org\/embed\/audio-rafael-esquivel-22-11\" width=\"500\" height=\"60\" frameborder=\"0\" allowfullscreen=\"allowfullscreen\"><\/iframe><\/p>","protected":false},"excerpt":{"rendered":"<p>\u201cCoonurock\u201d, es un proyecto enteramente producido y ejecutado por la Cooperativa de Servicios Audiovisuales El Ojo Negro, que adem\u00e1s de realizar su programa radial, celebra cada a\u00f1o de trabajo con un festival. El Festival de este a\u00f1o se realiza en el Centro Cultural Ra\u00edces el pr\u00f3ximo s\u00e1bado 23 de noviembre y celebra los siete a\u00f1os [&hellip;]<\/p>\n","protected":false},"author":1,"featured_media":6905,"comment_status":"open","ping_status":"open","sticky":false,"template":"","format":"standard","meta":{"footnotes":""},"categories":[1],"tags":[],"class_list":["post-6903","post","type-post","status-publish","format-standard","has-post-thumbnail","hentry","category-blog"],"_links":{"self":[{"href":"https:\/\/fmtinkunaco.ar\/index.php?rest_route=\/wp\/v2\/posts\/6903","targetHints":{"allow":["GET"]}}],"collection":[{"href":"https:\/\/fmtinkunaco.ar\/index.php?rest_route=\/wp\/v2\/posts"}],"about":[{"href":"https:\/\/fmtinkunaco.ar\/index.php?rest_route=\/wp\/v2\/types\/post"}],"author":[{"embeddable":true,"href":"https:\/\/fmtinkunaco.ar\/index.php?rest_route=\/wp\/v2\/users\/1"}],"replies":[{"embeddable":true,"href":"https:\/\/fmtinkunaco.ar\/index.php?rest_route=%2Fwp%2Fv2%2Fcomments&post=6903"}],"version-history":[{"count":1,"href":"https:\/\/fmtinkunaco.ar\/index.php?rest_route=\/wp\/v2\/posts\/6903\/revisions"}],"predecessor-version":[{"id":6906,"href":"https:\/\/fmtinkunaco.ar\/index.php?rest_route=\/wp\/v2\/posts\/6903\/revisions\/6906"}],"wp:featuredmedia":[{"embeddable":true,"href":"https:\/\/fmtinkunaco.ar\/index.php?rest_route=\/wp\/v2\/media\/6905"}],"wp:attachment":[{"href":"https:\/\/fmtinkunaco.ar\/index.php?rest_route=%2Fwp%2Fv2%2Fmedia&parent=6903"}],"wp:term":[{"taxonomy":"category","embeddable":true,"href":"https:\/\/fmtinkunaco.ar\/index.php?rest_route=%2Fwp%2Fv2%2Fcategories&post=6903"},{"taxonomy":"post_tag","embeddable":true,"href":"https:\/\/fmtinkunaco.ar\/index.php?rest_route=%2Fwp%2Fv2%2Ftags&post=6903"}],"curies":[{"name":"wp","href":"https:\/\/api.w.org\/{rel}","templated":true}]}}