{"id":6907,"date":"2024-11-26T09:47:13","date_gmt":"2024-11-26T12:47:13","guid":{"rendered":"https:\/\/fmtinkunaco.ar\/?p=6907"},"modified":"2024-11-26T09:47:13","modified_gmt":"2024-11-26T12:47:13","slug":"se-acerca-la-4-marcha-del-orgullo-en-malvinas-argentinas","status":"publish","type":"post","link":"https:\/\/fmtinkunaco.ar\/?p=6907","title":{"rendered":"Se acerca la 4\u00b0 Marcha del Orgullo en Malvinas Argentinas"},"content":{"rendered":"\n<p>El Frente de Diversidad invita nuevamente a una Marcha este s\u00e1bado 30 de noviembre a las 16hs, en el Predio Municipal de Malvinas Argentinas.<\/p>\n\n\n\n<p>Luana Marian L\u00f3pez Reta, mujer trans integrante del Frente de Diversidad de Malvinas Argentinas realizaba la convocatoria \u201c<em>Invitamos a no solamente a la gente del colectivo sino a la comunidad de Malvinas Argentinas, de Jos\u00e9 C. Paz, de San Miguel, de todos los alrededores que pueden venir\u201d.<\/em><\/p>\n\n\n\n<p>En esa l\u00ednea, Marian mencionaba la importancia de visibilizar y acompa\u00f1ar el movimiento en el territorio \u201c<em>M\u00e1s all\u00e1 de la Marcha de CABA, de la Marcha de Capital, en los territorios es muy importante porque la vecina, vecino que no tiene tanta informaci\u00f3n o tanto contacto. El hecho de que haya una Marcha local lo que hace es mostrarnos, concientizar que somos uno m\u00e1s de los vecinos que compartimos este espacio, este territorio. Que sepan que somos parte de la comunidad, que no somos bichos raros, que somos arte tambi\u00e9n de su familia. Eso genera una consciencia, no digo de aceptaci\u00f3n y tolerancia, pero s\u00ed de comprender que somos parte existimos desde siempre y vamos a seguir existiendo (\u2026) Los discursos de odio nos impactan, nos duelen pero no hacen que dejemos de existir\u201d.<\/em><\/p>\n\n\n\n<p>El evento contar\u00e1 con feria, presentaci\u00f3n de artistas, stands informativos de salud y la participaci\u00f3n de varias \u00e1reas de la Municipalidad de Malvinas Argentinas.<\/p>\n\n\n\n<p>Entrevista completa<\/p>\n\n\n<p><iframe loading=\"lazy\" src=\"https:\/\/archive.org\/embed\/entrevista-marian-lopez-rega-25-11-24\" width=\"500\" height=\"60\" frameborder=\"0\" webkitallowfullscreen=\"true\" mozallowfullscreen=\"true\" allowfullscreen><\/iframe><\/p>\n\n\n<p><a href=\"https:\/\/archive.org\/details\/entrevista-marian-lopez-rega-25-11-24\" data-type=\"link\" data-id=\"https:\/\/archive.org\/details\/entrevista-marian-lopez-rega-25-11-24\">Descargar<\/a><\/p>\n","protected":false},"excerpt":{"rendered":"<p>El Frente de Diversidad invita nuevamente a una Marcha este s\u00e1bado 30 de noviembre a las 16hs, en el Predio Municipal de Malvinas Argentinas. Luana Marian L\u00f3pez Reta, mujer trans integrante del Frente de Diversidad de Malvinas Argentinas realizaba la convocatoria \u201cInvitamos a no solamente a la gente del colectivo sino a la comunidad de [&hellip;]<\/p>\n","protected":false},"author":1,"featured_media":6908,"comment_status":"open","ping_status":"open","sticky":false,"template":"","format":"standard","meta":{"footnotes":""},"categories":[1],"tags":[],"class_list":["post-6907","post","type-post","status-publish","format-standard","has-post-thumbnail","hentry","category-blog"],"_links":{"self":[{"href":"https:\/\/fmtinkunaco.ar\/index.php?rest_route=\/wp\/v2\/posts\/6907","targetHints":{"allow":["GET"]}}],"collection":[{"href":"https:\/\/fmtinkunaco.ar\/index.php?rest_route=\/wp\/v2\/posts"}],"about":[{"href":"https:\/\/fmtinkunaco.ar\/index.php?rest_route=\/wp\/v2\/types\/post"}],"author":[{"embeddable":true,"href":"https:\/\/fmtinkunaco.ar\/index.php?rest_route=\/wp\/v2\/users\/1"}],"replies":[{"embeddable":true,"href":"https:\/\/fmtinkunaco.ar\/index.php?rest_route=%2Fwp%2Fv2%2Fcomments&post=6907"}],"version-history":[{"count":1,"href":"https:\/\/fmtinkunaco.ar\/index.php?rest_route=\/wp\/v2\/posts\/6907\/revisions"}],"predecessor-version":[{"id":6909,"href":"https:\/\/fmtinkunaco.ar\/index.php?rest_route=\/wp\/v2\/posts\/6907\/revisions\/6909"}],"wp:featuredmedia":[{"embeddable":true,"href":"https:\/\/fmtinkunaco.ar\/index.php?rest_route=\/wp\/v2\/media\/6908"}],"wp:attachment":[{"href":"https:\/\/fmtinkunaco.ar\/index.php?rest_route=%2Fwp%2Fv2%2Fmedia&parent=6907"}],"wp:term":[{"taxonomy":"category","embeddable":true,"href":"https:\/\/fmtinkunaco.ar\/index.php?rest_route=%2Fwp%2Fv2%2Fcategories&post=6907"},{"taxonomy":"post_tag","embeddable":true,"href":"https:\/\/fmtinkunaco.ar\/index.php?rest_route=%2Fwp%2Fv2%2Ftags&post=6907"}],"curies":[{"name":"wp","href":"https:\/\/api.w.org\/{rel}","templated":true}]}}