{"id":6910,"date":"2024-11-27T09:57:43","date_gmt":"2024-11-27T12:57:43","guid":{"rendered":"https:\/\/fmtinkunaco.ar\/?p=6910"},"modified":"2024-11-27T09:57:43","modified_gmt":"2024-11-27T12:57:43","slug":"el-grupo-solidario-el-rincon-de-las-pelucas-invita-a-sumar-voluntades","status":"publish","type":"post","link":"https:\/\/fmtinkunaco.ar\/?p=6910","title":{"rendered":"El Grupo Solidario El Rinc\u00f3n de las Pelucas invita a Sumar Voluntades"},"content":{"rendered":"\n<p>El grupo solidario Rinc\u00f3n de las Pelucas se dedica a confeccionar pelucas para pacientes oncol\u00f3gicos con cabello donado. En esta ocasi\u00f3n, invitan&nbsp; a participar de una colecta llamada <strong>\u201cSumando Voluntades\u201d<\/strong> que llevar\u00e1 adelante una cena navide\u00f1a para pacientes del interior.<\/p>\n\n\n\n<p>El monto sugerido es de $7.500 y se puede transferir al alias SumandoVoluntades24.<\/p>\n\n\n\n<p>Noem\u00ed Ledesma, integrante de la agrupaci\u00f3n, explic\u00f3 <em>\u201cNosotros nos dedicamos a hacer pelucas gratuitas para gente que tiene c\u00e1ncer, por lo general mujeres y ni\u00f1os. Todo con donaciones, desde el hilo, las m\u00e1quinas de coser, la cinta.<br>(\u2026) Un d\u00eda, un nueve de julio, despu\u00e9s de una reuni\u00f3n decidimos armar nuestro grupo El Rinc\u00f3n de las Pelucas. A la semana comenzamos a hacer pelucas, hasta ahora no hemos parado, pero todo donado, todo con mucho amor\u201d.<\/em><\/p>\n\n\n\n<p>Ledesma, adem\u00e1s, cont\u00f3 que en esta oportunidad se suman a acompa\u00f1ar a la organizaci\u00f3n \u201cSumando Voluntades\u201d, con quien han conformado una red de acompa\u00f1amiento a pacientes oncol\u00f3gicos, para una cena navide\u00f1a.<\/p>\n\n\n\n<p>Adem\u00e1s, la organizaci\u00f3n recibe donaciones de cinta de papel, hilo, pelo en la calle Callao 1164, Malvinas Argentinas pero tambi\u00e9n te podes comunicar mediante sus redes sociales El Rinc\u00f3n de la Pelucas Solidarias.<\/p>\n\n\n\n<p>Compartimos la entrevista completa <\/p>\n\n\n\n<p><a href=\"https:\/\/archive.org\/details\/audio-noemi-ledesma-26-11\">Descargar<\/a><\/p>\n\n\n<p><iframe loading=\"lazy\" src=\"https:\/\/archive.org\/embed\/audio-noemi-ledesma-26-11\" width=\"500\" height=\"60\" frameborder=\"0\" webkitallowfullscreen=\"true\" mozallowfullscreen=\"true\" allowfullscreen><\/iframe><\/p>","protected":false},"excerpt":{"rendered":"<p>El grupo solidario Rinc\u00f3n de las Pelucas se dedica a confeccionar pelucas para pacientes oncol\u00f3gicos con cabello donado. En esta ocasi\u00f3n, invitan&nbsp; a participar de una colecta llamada \u201cSumando Voluntades\u201d que llevar\u00e1 adelante una cena navide\u00f1a para pacientes del interior. El monto sugerido es de $7.500 y se puede transferir al alias SumandoVoluntades24. Noem\u00ed Ledesma, [&hellip;]<\/p>\n","protected":false},"author":1,"featured_media":6911,"comment_status":"open","ping_status":"open","sticky":false,"template":"","format":"standard","meta":{"footnotes":""},"categories":[1],"tags":[],"class_list":["post-6910","post","type-post","status-publish","format-standard","has-post-thumbnail","hentry","category-blog"],"_links":{"self":[{"href":"https:\/\/fmtinkunaco.ar\/index.php?rest_route=\/wp\/v2\/posts\/6910","targetHints":{"allow":["GET"]}}],"collection":[{"href":"https:\/\/fmtinkunaco.ar\/index.php?rest_route=\/wp\/v2\/posts"}],"about":[{"href":"https:\/\/fmtinkunaco.ar\/index.php?rest_route=\/wp\/v2\/types\/post"}],"author":[{"embeddable":true,"href":"https:\/\/fmtinkunaco.ar\/index.php?rest_route=\/wp\/v2\/users\/1"}],"replies":[{"embeddable":true,"href":"https:\/\/fmtinkunaco.ar\/index.php?rest_route=%2Fwp%2Fv2%2Fcomments&post=6910"}],"version-history":[{"count":1,"href":"https:\/\/fmtinkunaco.ar\/index.php?rest_route=\/wp\/v2\/posts\/6910\/revisions"}],"predecessor-version":[{"id":6912,"href":"https:\/\/fmtinkunaco.ar\/index.php?rest_route=\/wp\/v2\/posts\/6910\/revisions\/6912"}],"wp:featuredmedia":[{"embeddable":true,"href":"https:\/\/fmtinkunaco.ar\/index.php?rest_route=\/wp\/v2\/media\/6911"}],"wp:attachment":[{"href":"https:\/\/fmtinkunaco.ar\/index.php?rest_route=%2Fwp%2Fv2%2Fmedia&parent=6910"}],"wp:term":[{"taxonomy":"category","embeddable":true,"href":"https:\/\/fmtinkunaco.ar\/index.php?rest_route=%2Fwp%2Fv2%2Fcategories&post=6910"},{"taxonomy":"post_tag","embeddable":true,"href":"https:\/\/fmtinkunaco.ar\/index.php?rest_route=%2Fwp%2Fv2%2Ftags&post=6910"}],"curies":[{"name":"wp","href":"https:\/\/api.w.org\/{rel}","templated":true}]}}