{"id":6913,"date":"2024-11-27T11:46:23","date_gmt":"2024-11-27T14:46:23","guid":{"rendered":"https:\/\/fmtinkunaco.ar\/?p=6913"},"modified":"2024-11-27T11:46:23","modified_gmt":"2024-11-27T14:46:23","slug":"el-colectivo-de-comunicacion-arandu-invita-a-muestra-todo","status":"publish","type":"post","link":"https:\/\/fmtinkunaco.ar\/?p=6913","title":{"rendered":"El Colectivo de Comunicaci\u00f3n Arandu invita a \u201cMuestra Todo\u201d"},"content":{"rendered":"\n<p>El Colectivo de Comunicaci\u00f3n Audiovisual audiovisual invita a \u201cMuestra Todo\u201d, la muestra anual del Centro Cultural de la Universidad Nacional de General Sarmiento que presenta lo trabajado en los cursos, talleres, ensambles, seminarios y distintas formaciones del &nbsp;CCUNGS.<\/p>\n\n\n\n<p>Ser\u00e1n dos jornadas, la primera este s\u00e1bado 30 de noviembre, a partir de las 16.30hs hs y el pr\u00f3ximo s\u00e1bado 7 de diciembre, a partir de las 16.30hs en Roca 850 \u2013 San Miguel.<\/p>\n\n\n\n<p>Beatriz Alor, integra el colectivo Arandu, y se refiri\u00f3 a los materiales que presentaran desde el Colectivo de Comunicaci\u00f3n Audiovisual en esta muestra <em>\u201cArandu va a presentar, justamente, este s\u00e1bado tres materiales que hemos venido trabajando, estos \u00faltimos a\u00f1os principalmente hemos estado trabajando con referentes de nuestra regi\u00f3n, de nuestro territorio. Vamos a presentar tres micro documentales que van a narrar justamente el trabajo que vienen realizando estas referentas en distintas \u00e1reas\u201d.<\/em><\/p>\n\n\n\n<p>Alor, adem\u00e1s, comparti\u00f3 la emoci\u00f3n por compartir materiales propios del colectivo <em>\u201cEs la primera vez que los Arandu presentamos producciones propias, siempre hemos trabajado acompa\u00f1ades de organizaciones, de instituciones educativas y en esta oportunidad lo que hemos hecho es trabajar producciones propias pero en colaboraci\u00f3n con pero en colaboraci\u00f3n con estas referentas; ya que la idea de nuestras producciones siempre es mostrar una narrativa propia, una narrativa descolonizadora o que muestre nuestras propias realidades, principalmente las realidades de aqu\u00ed, del conurbano bonaerense\u201d.<\/em><\/p>\n\n\n\n<p>La presentaci\u00f3n de los microdocumentales del Proyecto Pillpintukuna se realizar\u00e1 el s\u00e1bado 30 de noviembre con entrada libre y gratuita, en el Centro Cultural en Roca 850, San Miguel.<br>Muestra Todo comienza a las 16.30 hs pero a partir de la 17hs podes participar de la actividades.<\/p>\n\n\n\n<p><a href=\"https:\/\/archive.org\/details\/audio-beatriz-alor-27-11\">Descargar<\/a><\/p>\n\n\n\n<p>Compartimos la entrevista completa<\/p>\n\n\n<p><iframe loading=\"lazy\" src=\"https:\/\/archive.org\/embed\/audio-beatriz-alor-27-11\" width=\"500\" height=\"60\" frameborder=\"0\" webkitallowfullscreen=\"true\" mozallowfullscreen=\"true\" allowfullscreen><\/iframe><\/p>","protected":false},"excerpt":{"rendered":"<p>El Colectivo de Comunicaci\u00f3n Audiovisual audiovisual invita a \u201cMuestra Todo\u201d, la muestra anual del Centro Cultural de la Universidad Nacional de General Sarmiento que presenta lo trabajado en los cursos, talleres, ensambles, seminarios y distintas formaciones del &nbsp;CCUNGS. Ser\u00e1n dos jornadas, la primera este s\u00e1bado 30 de noviembre, a partir de las 16.30hs hs y [&hellip;]<\/p>\n","protected":false},"author":1,"featured_media":6914,"comment_status":"open","ping_status":"open","sticky":false,"template":"","format":"standard","meta":{"footnotes":""},"categories":[1],"tags":[],"class_list":["post-6913","post","type-post","status-publish","format-standard","has-post-thumbnail","hentry","category-blog"],"_links":{"self":[{"href":"https:\/\/fmtinkunaco.ar\/index.php?rest_route=\/wp\/v2\/posts\/6913","targetHints":{"allow":["GET"]}}],"collection":[{"href":"https:\/\/fmtinkunaco.ar\/index.php?rest_route=\/wp\/v2\/posts"}],"about":[{"href":"https:\/\/fmtinkunaco.ar\/index.php?rest_route=\/wp\/v2\/types\/post"}],"author":[{"embeddable":true,"href":"https:\/\/fmtinkunaco.ar\/index.php?rest_route=\/wp\/v2\/users\/1"}],"replies":[{"embeddable":true,"href":"https:\/\/fmtinkunaco.ar\/index.php?rest_route=%2Fwp%2Fv2%2Fcomments&post=6913"}],"version-history":[{"count":1,"href":"https:\/\/fmtinkunaco.ar\/index.php?rest_route=\/wp\/v2\/posts\/6913\/revisions"}],"predecessor-version":[{"id":6915,"href":"https:\/\/fmtinkunaco.ar\/index.php?rest_route=\/wp\/v2\/posts\/6913\/revisions\/6915"}],"wp:featuredmedia":[{"embeddable":true,"href":"https:\/\/fmtinkunaco.ar\/index.php?rest_route=\/wp\/v2\/media\/6914"}],"wp:attachment":[{"href":"https:\/\/fmtinkunaco.ar\/index.php?rest_route=%2Fwp%2Fv2%2Fmedia&parent=6913"}],"wp:term":[{"taxonomy":"category","embeddable":true,"href":"https:\/\/fmtinkunaco.ar\/index.php?rest_route=%2Fwp%2Fv2%2Fcategories&post=6913"},{"taxonomy":"post_tag","embeddable":true,"href":"https:\/\/fmtinkunaco.ar\/index.php?rest_route=%2Fwp%2Fv2%2Ftags&post=6913"}],"curies":[{"name":"wp","href":"https:\/\/api.w.org\/{rel}","templated":true}]}}