{"id":6920,"date":"2024-11-29T11:28:21","date_gmt":"2024-11-29T14:28:21","guid":{"rendered":"https:\/\/fmtinkunaco.ar\/?p=6920"},"modified":"2024-11-29T11:28:22","modified_gmt":"2024-11-29T14:28:22","slug":"la-red-andando-cumple-30-anos-de-trabajo-en-el-territorio","status":"publish","type":"post","link":"https:\/\/fmtinkunaco.ar\/?p=6920","title":{"rendered":"La Red Andando cumple 30 a\u00f1os de trabajo en el territorio"},"content":{"rendered":"\n<p>La Red de Centros Comunitarios Andando, ubicada en la localidad de Moreno, cumple 30 a\u00f1os de educaci\u00f3n popular y comunitaria en el territorio.<\/p>\n\n\n\n<p>La Red, nacida en el a\u00f1o 1994, est\u00e1 conformada en la actualidad con alrededor de 16 centros de barrios de Moreno y Merlo. Y participan de sus actividades, m\u00e1s de 2600 ni\u00f1as, ni\u00f1os y j\u00f3venes.<\/p>\n\n\n\n<p>Luj\u00e1n Rosales, es referente de la Red Andando, y se refiri\u00f3 al surgimiento de la organizaci\u00f3n <em>\u201csurgi\u00f3 por necesidad del hambre, no tanto del cuidado, pero s\u00ed de resolver necesidades de chicos y familias que all\u00e1 por el a\u00f1o 89 necesitaban resolver por lo pronto algo para comer y algo para la familia, para llevarse porque la realidad estaba muy jodida en distintos lugares, barrios, generalmente en el caso de Andando comunidades relacionadas con la iglesia, con un trabajo m\u00e1s en la l\u00ednea de la teolog\u00eda de la liberaci\u00f3n, m\u00e1s comprometido con el barrio, Moreno y unos poquitos en Merlo\u201d.<\/em><\/p>\n\n\n\n<p>Diego Leanza, tambi\u00e9n referente de la Red Andando, realiz\u00f3 un balance de estos a\u00f1os de trabajo <em>\u201cEl balance siempre es por la positiva, venimos de un movimiento de laburantes en primera instancia desocupados y que se organizan y que llevan la pelea d\u00eda a d\u00eda no solo para pagar la olla si no tambi\u00e9n darle una oportunidad a los pibes, otra alternativa, tanto a los m\u00e1s chicos como a los m\u00e1s grandes\u201d.<\/em><\/p>\n\n\n\n<p>La invitaci\u00f3n a la celebraci\u00f3n es este viernes 29 de noviembre, a partir de las 12 a 17hs, en Quirno Costa y Granaderos, Cuartel V, Moreno.<\/p>\n\n\n\n<p>Compartimos la entrevista completa<\/p>\n\n\n\n<p><a href=\"https:\/\/archive.org\/details\/audio-lujan-rosales-y-diego-leanza-29-11\">Descargar<\/a><\/p>\n\n\n<p><iframe loading=\"lazy\" src=\"https:\/\/archive.org\/embed\/audio-lujan-rosales-y-diego-leanza-29-11\" width=\"500\" height=\"60\" frameborder=\"0\" webkitallowfullscreen=\"true\" mozallowfullscreen=\"true\" allowfullscreen><\/iframe><\/p>","protected":false},"excerpt":{"rendered":"<p>La Red de Centros Comunitarios Andando, ubicada en la localidad de Moreno, cumple 30 a\u00f1os de educaci\u00f3n popular y comunitaria en el territorio. La Red, nacida en el a\u00f1o 1994, est\u00e1 conformada en la actualidad con alrededor de 16 centros de barrios de Moreno y Merlo. Y participan de sus actividades, m\u00e1s de 2600 ni\u00f1as, [&hellip;]<\/p>\n","protected":false},"author":1,"featured_media":6921,"comment_status":"open","ping_status":"open","sticky":false,"template":"","format":"standard","meta":{"footnotes":""},"categories":[1],"tags":[],"class_list":["post-6920","post","type-post","status-publish","format-standard","has-post-thumbnail","hentry","category-blog"],"_links":{"self":[{"href":"https:\/\/fmtinkunaco.ar\/index.php?rest_route=\/wp\/v2\/posts\/6920","targetHints":{"allow":["GET"]}}],"collection":[{"href":"https:\/\/fmtinkunaco.ar\/index.php?rest_route=\/wp\/v2\/posts"}],"about":[{"href":"https:\/\/fmtinkunaco.ar\/index.php?rest_route=\/wp\/v2\/types\/post"}],"author":[{"embeddable":true,"href":"https:\/\/fmtinkunaco.ar\/index.php?rest_route=\/wp\/v2\/users\/1"}],"replies":[{"embeddable":true,"href":"https:\/\/fmtinkunaco.ar\/index.php?rest_route=%2Fwp%2Fv2%2Fcomments&post=6920"}],"version-history":[{"count":1,"href":"https:\/\/fmtinkunaco.ar\/index.php?rest_route=\/wp\/v2\/posts\/6920\/revisions"}],"predecessor-version":[{"id":6922,"href":"https:\/\/fmtinkunaco.ar\/index.php?rest_route=\/wp\/v2\/posts\/6920\/revisions\/6922"}],"wp:featuredmedia":[{"embeddable":true,"href":"https:\/\/fmtinkunaco.ar\/index.php?rest_route=\/wp\/v2\/media\/6921"}],"wp:attachment":[{"href":"https:\/\/fmtinkunaco.ar\/index.php?rest_route=%2Fwp%2Fv2%2Fmedia&parent=6920"}],"wp:term":[{"taxonomy":"category","embeddable":true,"href":"https:\/\/fmtinkunaco.ar\/index.php?rest_route=%2Fwp%2Fv2%2Fcategories&post=6920"},{"taxonomy":"post_tag","embeddable":true,"href":"https:\/\/fmtinkunaco.ar\/index.php?rest_route=%2Fwp%2Fv2%2Ftags&post=6920"}],"curies":[{"name":"wp","href":"https:\/\/api.w.org\/{rel}","templated":true}]}}