{"id":6923,"date":"2024-12-03T10:42:33","date_gmt":"2024-12-03T13:42:33","guid":{"rendered":"https:\/\/fmtinkunaco.ar\/?p=6923"},"modified":"2024-12-03T10:46:16","modified_gmt":"2024-12-03T13:46:16","slug":"privatizacion-de-aysa-y-sus-repercusiones-sociales-ambientales","status":"publish","type":"post","link":"https:\/\/fmtinkunaco.ar\/?p=6923","title":{"rendered":"Privatizaci\u00f3n de AySA y sus repercusiones sociales-ambientales"},"content":{"rendered":"\n<p>Aumenta la preocupaci\u00f3n por las consecuencias de la privatizaci\u00f3n de empresas p\u00fablicas, es este caso de las repercusiones de la privatizaci\u00f3n del servicio de agua potable que brinda la empresa p\u00fablica AySA (Agua y Saneamientos Argentinos).<\/p>\n\n\n\n<p>AySA provee el servicio p\u00fablico de agua potable y los tratamientos de desag\u00fces cloacales para la Ciudad de Buenos Aires y 26 partidos del conurbano bonaerense.<\/p>\n\n\n\n<p>Para contar m\u00e1s sobre la situaci\u00f3n que traer\u00eda su privatizaci\u00f3n, Leonardo Fern\u00e1ndez, investigador y docente de la UNGS, explicaba \u201c<em>La iniciativa del Gobierno Nacional de privatizar las empresas p\u00fablicas y encamin\u00e1ndose en un corto plazo para la privatizaci\u00f3n de AySA, empresa de agua y saneamiento que abastece en el \u00e1rea de metropolitana&nbsp; de buenos aires (\u2026) Se abren todas las alarmas, todas las alertas sobre lo que puede desencadenar un proceso de estas caracter\u00edsticas, por la historia argentina, recordemos los 90\u2019 el proceso de privatizaci\u00f3n que tuvo el sector de saneamiento. Y tambi\u00e9n las consecuencias que puede traer, hoy en d\u00eda tambi\u00e9n, social y ambientalmente\u201d.<\/em><\/p>\n\n\n\n<p>Por \u00faltimo, Fernandez mencionaba la preocupaci\u00f3n por el futuro de los servicios y la continuidad de sus obras \u201c<em>Qu\u00e9 va a pasar con todos esos planes, sobre todo teniendo en cuenta un modelo de privatizaci\u00f3n que va aponer m\u00e1s el eje en criterios de ganancia y rentabilidad que asegurar las metas de cobertura de universalizaci\u00f3n del servicio sobre todo en sectores m\u00e1s desfavorecidos de la poblaci\u00f3n\u201d.<\/em><\/p>\n\n\n\n<p>Resulta fundamental concluir que los objetivos de la empresa en tanto garantizar el acceso universal al agua, deben alejarse de los prop\u00f3sitos e intenciones del Gobierno Nacional de poner en juego el bienestar social y el sostenimiento del servicio a cambio de medidas anarcocapitalistas.<\/p>\n\n\n\n<p>Entrevista Completa<\/p>\n\n\n<p><iframe loading=\"lazy\" src=\"https:\/\/archive.org\/embed\/entrevista-leonardo-fernandez-02-12-24\" width=\"500\" height=\"60\" frameborder=\"0\" webkitallowfullscreen=\"true\" mozallowfullscreen=\"true\" allowfullscreen><\/iframe><\/p>\n\n\n<p><a href=\"https:\/\/archive.org\/details\/entrevista-leonardo-fernandez-02-12-24\" data-type=\"link\" data-id=\"https:\/\/archive.org\/details\/entrevista-leonardo-fernandez-02-12-24\">Descargar<\/a><\/p>\n","protected":false},"excerpt":{"rendered":"<p>Aumenta la preocupaci\u00f3n por las consecuencias de la privatizaci\u00f3n de empresas p\u00fablicas, es este caso de las repercusiones de la privatizaci\u00f3n del servicio de agua potable que brinda la empresa p\u00fablica AySA (Agua y Saneamientos Argentinos). AySA provee el servicio p\u00fablico de agua potable y los tratamientos de desag\u00fces cloacales para la Ciudad de Buenos [&hellip;]<\/p>\n","protected":false},"author":1,"featured_media":6924,"comment_status":"open","ping_status":"open","sticky":false,"template":"","format":"standard","meta":{"footnotes":""},"categories":[1],"tags":[],"class_list":["post-6923","post","type-post","status-publish","format-standard","has-post-thumbnail","hentry","category-blog"],"_links":{"self":[{"href":"https:\/\/fmtinkunaco.ar\/index.php?rest_route=\/wp\/v2\/posts\/6923","targetHints":{"allow":["GET"]}}],"collection":[{"href":"https:\/\/fmtinkunaco.ar\/index.php?rest_route=\/wp\/v2\/posts"}],"about":[{"href":"https:\/\/fmtinkunaco.ar\/index.php?rest_route=\/wp\/v2\/types\/post"}],"author":[{"embeddable":true,"href":"https:\/\/fmtinkunaco.ar\/index.php?rest_route=\/wp\/v2\/users\/1"}],"replies":[{"embeddable":true,"href":"https:\/\/fmtinkunaco.ar\/index.php?rest_route=%2Fwp%2Fv2%2Fcomments&post=6923"}],"version-history":[{"count":2,"href":"https:\/\/fmtinkunaco.ar\/index.php?rest_route=\/wp\/v2\/posts\/6923\/revisions"}],"predecessor-version":[{"id":6926,"href":"https:\/\/fmtinkunaco.ar\/index.php?rest_route=\/wp\/v2\/posts\/6923\/revisions\/6926"}],"wp:featuredmedia":[{"embeddable":true,"href":"https:\/\/fmtinkunaco.ar\/index.php?rest_route=\/wp\/v2\/media\/6924"}],"wp:attachment":[{"href":"https:\/\/fmtinkunaco.ar\/index.php?rest_route=%2Fwp%2Fv2%2Fmedia&parent=6923"}],"wp:term":[{"taxonomy":"category","embeddable":true,"href":"https:\/\/fmtinkunaco.ar\/index.php?rest_route=%2Fwp%2Fv2%2Fcategories&post=6923"},{"taxonomy":"post_tag","embeddable":true,"href":"https:\/\/fmtinkunaco.ar\/index.php?rest_route=%2Fwp%2Fv2%2Ftags&post=6923"}],"curies":[{"name":"wp","href":"https:\/\/api.w.org\/{rel}","templated":true}]}}