{"id":6927,"date":"2024-12-06T09:55:32","date_gmt":"2024-12-06T12:55:32","guid":{"rendered":"https:\/\/fmtinkunaco.ar\/?p=6927"},"modified":"2024-12-06T09:55:32","modified_gmt":"2024-12-06T12:55:32","slug":"femicidio-en-jose-c-paz","status":"publish","type":"post","link":"https:\/\/fmtinkunaco.ar\/?p=6927","title":{"rendered":"Femicidio en Jos\u00e9 C. Paz"},"content":{"rendered":"\n<p>El hecho sucedi\u00f3 a fines del mes de septiembre en la localidad de Jos\u00e9 C. Paz, la v\u00edctima se trata de una mujer de 46 a\u00f1os que fue encontrada en el jard\u00edn de su casa, Vilma Noem\u00ed Acosta.<\/p>\n\n\n\n<p>La pareja de Vilma, Fabi\u00e1n Norberto Real, fue detenida tras la denuncia de la hija de la victima en la Comisar\u00eda Tercera del municipio.&nbsp;La denunciante manifest\u00f3 sus sospechas sobre el esposo de su madre, el cual ya presentabas actitudes violentas y fue visto buscando tierra por el barrio.<\/p>\n\n\n\n<p>En una entrevista con el Noticiero, Vanesa, amiga y compa\u00f1era de Vilma, comentaba c\u00f3mo llegaron a notificar su desaparici\u00f3n \u201c<em>Ella se desapareci\u00f3 de un d\u00eda para el otro, nosotros empezamos a intentar llamarla, no pudimos comunicarnos hasta que bueno nos comunicamos con la hija y ella hizo la denuncia\u201d.<\/em><\/p>\n\n\n\n<p>Con respecto al acusado, la pareja de Vilma, Vanesa explicaba \u201c<em>Siempre fue \u00e9l, porque ella estuvo en su casa durmiendo. Sus hijos se hab\u00edan ido al colegio y ella quedo en su casa, nos hab\u00eda dicho a todos que no ten\u00eda que trabajar (\u2026) Ella hacia unos meses que estaba separada de \u00e9l pero segu\u00edan conviviendo juntos, y ah\u00ed fue cuando \u00e9l empez\u00f3 a perseguirla porque fue el momento donde \u00e9l se dio cuenta que de verdad se quer\u00eda alejar de \u00e9l. Fue cuando peor la atosigaba, la segu\u00eda, la llevaba a la parada, la tra\u00eda, la pasaba a buscar, la llamaba por tel\u00e9fono\u201d.<\/em><\/p>\n\n\n\n<p>Vilma tambi\u00e9n formaba parte del grupo de Mujeres organizadas del Barrio Vucetich (Jos\u00e9 C. Paz), este mismo busca poder hacer un mural homenaje junto con otras organizaciones con fecha a definir.<\/p>\n\n\n\n<p>Entrevista Completa<\/p>\n\n\n\n<p><a href=\"https:\/\/archive.org\/details\/entrevista-vanesa-amiga-de-vilma-03-12-24\" data-type=\"link\" data-id=\"https:\/\/archive.org\/details\/entrevista-vanesa-amiga-de-vilma-03-12-24\">Descargar <\/a><\/p>\n","protected":false},"excerpt":{"rendered":"<p>El hecho sucedi\u00f3 a fines del mes de septiembre en la localidad de Jos\u00e9 C. Paz, la v\u00edctima se trata de una mujer de 46 a\u00f1os que fue encontrada en el jard\u00edn de su casa, Vilma Noem\u00ed Acosta. La pareja de Vilma, Fabi\u00e1n Norberto Real, fue detenida tras la denuncia de la hija de la [&hellip;]<\/p>\n","protected":false},"author":1,"featured_media":6928,"comment_status":"open","ping_status":"open","sticky":false,"template":"","format":"standard","meta":{"footnotes":""},"categories":[1],"tags":[],"class_list":["post-6927","post","type-post","status-publish","format-standard","has-post-thumbnail","hentry","category-blog"],"_links":{"self":[{"href":"https:\/\/fmtinkunaco.ar\/index.php?rest_route=\/wp\/v2\/posts\/6927","targetHints":{"allow":["GET"]}}],"collection":[{"href":"https:\/\/fmtinkunaco.ar\/index.php?rest_route=\/wp\/v2\/posts"}],"about":[{"href":"https:\/\/fmtinkunaco.ar\/index.php?rest_route=\/wp\/v2\/types\/post"}],"author":[{"embeddable":true,"href":"https:\/\/fmtinkunaco.ar\/index.php?rest_route=\/wp\/v2\/users\/1"}],"replies":[{"embeddable":true,"href":"https:\/\/fmtinkunaco.ar\/index.php?rest_route=%2Fwp%2Fv2%2Fcomments&post=6927"}],"version-history":[{"count":1,"href":"https:\/\/fmtinkunaco.ar\/index.php?rest_route=\/wp\/v2\/posts\/6927\/revisions"}],"predecessor-version":[{"id":6929,"href":"https:\/\/fmtinkunaco.ar\/index.php?rest_route=\/wp\/v2\/posts\/6927\/revisions\/6929"}],"wp:featuredmedia":[{"embeddable":true,"href":"https:\/\/fmtinkunaco.ar\/index.php?rest_route=\/wp\/v2\/media\/6928"}],"wp:attachment":[{"href":"https:\/\/fmtinkunaco.ar\/index.php?rest_route=%2Fwp%2Fv2%2Fmedia&parent=6927"}],"wp:term":[{"taxonomy":"category","embeddable":true,"href":"https:\/\/fmtinkunaco.ar\/index.php?rest_route=%2Fwp%2Fv2%2Fcategories&post=6927"},{"taxonomy":"post_tag","embeddable":true,"href":"https:\/\/fmtinkunaco.ar\/index.php?rest_route=%2Fwp%2Fv2%2Ftags&post=6927"}],"curies":[{"name":"wp","href":"https:\/\/api.w.org\/{rel}","templated":true}]}}