{"id":6936,"date":"2024-12-09T11:26:54","date_gmt":"2024-12-09T14:26:54","guid":{"rendered":"https:\/\/fmtinkunaco.ar\/?p=6936"},"modified":"2024-12-09T11:26:54","modified_gmt":"2024-12-09T14:26:54","slug":"tgd-padres-tea-pilar-invita-a-la-colonia-de-verano-momentos-felices","status":"publish","type":"post","link":"https:\/\/fmtinkunaco.ar\/?p=6936","title":{"rendered":"TGD Padres TEA Pilar invita a la Colonia de Verano \u00a0\u201cMomentos Felices\u201d"},"content":{"rendered":"\n<p>Se trata de una Colonia Integrada para infancias y adolescentes con autismo y neurodivergentes, el rango de edad es de 9 a 22 a\u00f1os.<\/p>\n\n\n\n<p>Invitan a poder participar m\u00faltiples actividades como dibujo, pintura, deportes, manualidades, yoga, nataci\u00f3n, atletismo, actividades al aire libre, entre otras.<\/p>\n\n\n\n<p>Gabriela Rojas, integrante de Padres TEA, explicaba que <em>\u201cNo es nueva la colonia, hace 13 a\u00f1os que estamos haciendo colonia. Somos un grupo de madres de chicos con autismo (\u2026) la colonia empez\u00f3 porque no hab\u00eda nada para nuestros hijos con autismo\u201d.<\/em><\/p>\n\n\n\n<p>Rojas recalcaba la importancia de lugares y espacios inclusivos para preadolescentes neurodivergentes, adem\u00e1s mencionaba sobre la colonia \u201c<em>Comienza el jueves 02 de enero, lo hacemos en el predio SUTNA, muy agradecidos con SUTNA porque nos provee su espacio, es el sindicato de neum\u00e1ticos. Es un espacio muy lindo, grande, verde y con sombra, tenemos pileta\u201d.<\/em><\/p>\n\n\n\n<p>La colonia funcionar\u00e1 martes, mi\u00e9rcoles y jueves de 9:30 a 12:30, y para poder inscribirse se pueden comunicar al 1156907658.<\/p>\n\n\n\n<p>Entrevista Completa<\/p>\n\n\n\n<p><a href=\"https:\/\/archive.org\/details\/entrevista-gabriela-rojas-colonia-de-verano-tea-tgd-09-12-24\" data-type=\"link\" data-id=\"https:\/\/archive.org\/details\/entrevista-gabriela-rojas-colonia-de-verano-tea-tgd-09-12-24\">Descargar<\/a><\/p>\n","protected":false},"excerpt":{"rendered":"<p>Se trata de una Colonia Integrada para infancias y adolescentes con autismo y neurodivergentes, el rango de edad es de 9 a 22 a\u00f1os. Invitan a poder participar m\u00faltiples actividades como dibujo, pintura, deportes, manualidades, yoga, nataci\u00f3n, atletismo, actividades al aire libre, entre otras. Gabriela Rojas, integrante de Padres TEA, explicaba que \u201cNo es nueva [&hellip;]<\/p>\n","protected":false},"author":1,"featured_media":6937,"comment_status":"open","ping_status":"open","sticky":false,"template":"","format":"standard","meta":{"footnotes":""},"categories":[1],"tags":[],"class_list":["post-6936","post","type-post","status-publish","format-standard","has-post-thumbnail","hentry","category-blog"],"_links":{"self":[{"href":"https:\/\/fmtinkunaco.ar\/index.php?rest_route=\/wp\/v2\/posts\/6936","targetHints":{"allow":["GET"]}}],"collection":[{"href":"https:\/\/fmtinkunaco.ar\/index.php?rest_route=\/wp\/v2\/posts"}],"about":[{"href":"https:\/\/fmtinkunaco.ar\/index.php?rest_route=\/wp\/v2\/types\/post"}],"author":[{"embeddable":true,"href":"https:\/\/fmtinkunaco.ar\/index.php?rest_route=\/wp\/v2\/users\/1"}],"replies":[{"embeddable":true,"href":"https:\/\/fmtinkunaco.ar\/index.php?rest_route=%2Fwp%2Fv2%2Fcomments&post=6936"}],"version-history":[{"count":1,"href":"https:\/\/fmtinkunaco.ar\/index.php?rest_route=\/wp\/v2\/posts\/6936\/revisions"}],"predecessor-version":[{"id":6938,"href":"https:\/\/fmtinkunaco.ar\/index.php?rest_route=\/wp\/v2\/posts\/6936\/revisions\/6938"}],"wp:featuredmedia":[{"embeddable":true,"href":"https:\/\/fmtinkunaco.ar\/index.php?rest_route=\/wp\/v2\/media\/6937"}],"wp:attachment":[{"href":"https:\/\/fmtinkunaco.ar\/index.php?rest_route=%2Fwp%2Fv2%2Fmedia&parent=6936"}],"wp:term":[{"taxonomy":"category","embeddable":true,"href":"https:\/\/fmtinkunaco.ar\/index.php?rest_route=%2Fwp%2Fv2%2Fcategories&post=6936"},{"taxonomy":"post_tag","embeddable":true,"href":"https:\/\/fmtinkunaco.ar\/index.php?rest_route=%2Fwp%2Fv2%2Ftags&post=6936"}],"curies":[{"name":"wp","href":"https:\/\/api.w.org\/{rel}","templated":true}]}}