{"id":6939,"date":"2024-12-11T10:42:26","date_gmt":"2024-12-11T13:42:26","guid":{"rendered":"https:\/\/fmtinkunaco.ar\/?p=6939"},"modified":"2024-12-11T10:49:58","modified_gmt":"2024-12-11T13:49:58","slug":"a-20-anos-de-la-masacre-de-cromanon-peligra-el-sostenimiento-de-la-ley-4-786","status":"publish","type":"post","link":"https:\/\/fmtinkunaco.ar\/?p=6939","title":{"rendered":"A 20 a\u00f1os de la Masacre de Croma\u00f1on peligra el sostenimiento de la Ley 4.786"},"content":{"rendered":"\n<p>A 20 a\u00f1os de Croma\u00f1\u00f3n peligra el sostenimiento de la Ley 4.786 de reparaci\u00f3n integral que actualmente otorga subsidio a familiares y sobrevivientes de v\u00edctimas fatales de la masacre de Croma\u00f1\u00f3n.<\/p>\n\n\n\n<p>La norma peligra porque se actualiza cada cierta cantidad de a\u00f1os, por lo que a fines de este 2024 tocaba su actualizaci\u00f3n pero sobrevivientes y familiares denuncian que hay intentos de que los acuerdos b\u00e1sicos no formen parte de la nueva Ley y que se atrase su actualizaci\u00f3n. Si la actualizaci\u00f3n no sucede antes de que termine el a\u00f1o, se cae autom\u00e1ticamente.<\/p>\n\n\n\n<p>Nilda G\u00f3mez, es mam\u00e1 de Mariano Ben\u00edtez, v\u00edctima de&nbsp;Croma\u00f1on, y fundadora de la ONG Familias por la Vida,&nbsp;y cuenta que desde la organizaci\u00f3n presentaron un Proyecto de Ley de Reparaci\u00f3n Integral a las V\u00edctimas de Croma\u00f1\u00f3n, la cual propone, dentro de varios puntos, buscar que la cobertura y asistencia sea vitalicia.<\/p>\n\n\n\n<p>G\u00f3mez, explic\u00f3 lo doloroso de cada tres a\u00f1os <em>\u201cCada tres a\u00f1os volver otra vez a revivir todo, para la nueva camada de legisladores que se van renovando, tener que volverles a explicar todo como si no supieran de que se trata, la verdad que es dif\u00edcil. (\u2026) Cada tres a\u00f1os tenemos que sacar a nuestros muertos y pasearlos por todos los despachos de los que tienen que decidir y la verdad que no es justo\u201d.<\/em><\/p>\n\n\n\n<p>Adem\u00e1s del proyecto de <strong>\u201cFamilias por la Vida\u201d<\/strong>, hab\u00eda otros proyectos presentados, finalmente se realiz\u00f3 una unificaci\u00f3n retomando diferentes puntos de cada presentaci\u00f3n y el pr\u00f3ximo pas\u00f3 es la votaci\u00f3n.<br>Nilda G\u00f3mez remarc\u00f3 que el dictamen lo consiguieron con car\u00e1cter vitalicio pero falta la votaci\u00f3n <em>\u201cHemos logrado que el dictamen salga con la palabra Masacre y elimine la palabra tragedia, es decir la palabra tragedia queda eliminada de lo que es la ley y va a quedar la palabra masacre. (\u2026) Y tambi\u00e9n hemos logrado que el dictamen salga con la calidad de vitalicio, es decir ya cada tres a\u00f1os no vamos a tener que ir\u201d<\/em>.<\/p>\n\n\n\n<p>El dictamen se votar\u00e1 ma\u00f1ana 12 de diciembre en la Legislatura Porte\u00f1a.<br><br>La propuesta busca:<br><br>\u2714\ufe0f Ampliar los beneficiarios hasta el 2\u00b0 grado de consanguinidad.<br>\u2714\ufe0f Garantizar cobertura integral de salud.<br>\u2714\ufe0f Brindar una subvenci\u00f3n econ\u00f3mica mensual vitalicia para los beneficiarios<br>\u2714\ufe0f Conservar sepulturas gratuitamente y a perpetuidad.<\/p>\n\n\n\n<p>Por otro lado, Nilda present\u00f3 un proyecto en el municipio de Jos\u00e9. C. Paz de donde es oriunda para ponerle a un espacio verde el nombre <em>\u201cMemoria de la Masacre de Croma\u00f1\u00f3n\u201d<\/em>, en memoria de las tres v\u00edctimas oriundas del partido masacradas el 30\/12, Maximiliano Sol\u00eds, Pablo G\u00f3mez y Mariano Alexis Ben\u00edtez y fue aprobada por unanimidad.<br><br>Compartimos la entrevista completa<\/p>\n\n\n\n<p><a href=\"https:\/\/archive.org\/details\/audio-nilda-gomez-10-12\">Descargar &nbsp;<\/a><\/p>\n\n\n<audio class=\"wp-audio-shortcode\" id=\"audio-6939-2\" preload=\"none\" style=\"width: 100%;\" controls=\"controls\"><source type=\"audio\/mpeg\" src=\"https:\/\/ia802902.us.archive.org\/5\/items\/audio-nilda-gomez-10-12\/AUDIO%20-%20NILDA%20GOMEZ%2010%2012.mp3?_=2\" \/><a href=\"https:\/\/ia802902.us.archive.org\/5\/items\/audio-nilda-gomez-10-12\/AUDIO%20-%20NILDA%20GOMEZ%2010%2012.mp3\">https:\/\/ia802902.us.archive.org\/5\/items\/audio-nilda-gomez-10-12\/AUDIO%20-%20NILDA%20GOMEZ%2010%2012.mp3<\/a><\/audio><div class=\"powerpress_player\" id=\"powerpress_player_9806\"><audio class=\"wp-audio-shortcode\" id=\"audio-6939-1\" preload=\"none\" style=\"width: 100%;\" controls=\"controls\"><source type=\"audio\/mpeg\" src=\"https:\/\/ia802902.us.archive.org\/5\/items\/audio-nilda-gomez-10-12\/AUDIO%20-%20NILDA%20GOMEZ%2010%2012.mp3?_=1\" \/><a href=\"https:\/\/ia802902.us.archive.org\/5\/items\/audio-nilda-gomez-10-12\/AUDIO%20-%20NILDA%20GOMEZ%2010%2012.mp3\">https:\/\/ia802902.us.archive.org\/5\/items\/audio-nilda-gomez-10-12\/AUDIO%20-%20NILDA%20GOMEZ%2010%2012.mp3<\/a><\/audio><\/div><p class=\"powerpress_links powerpress_links_mp3\" style=\"margin-bottom: 1px !important;\">Podcast: <a href=\"https:\/\/ia802902.us.archive.org\/5\/items\/audio-nilda-gomez-10-12\/AUDIO%20-%20NILDA%20GOMEZ%2010%2012.mp3\" class=\"powerpress_link_pinw\" target=\"_blank\" title=\"Reproducir en una nueva ventana\" onclick=\"return powerpress_pinw('https:\/\/fmtinkunaco.ar\/?powerpress_pinw=6939-podcast');\" rel=\"nofollow\">Reproducir en una nueva ventana<\/a> | <a href=\"https:\/\/ia802902.us.archive.org\/5\/items\/audio-nilda-gomez-10-12\/AUDIO%20-%20NILDA%20GOMEZ%2010%2012.mp3\" class=\"powerpress_link_d\" title=\"Descargar\" rel=\"nofollow\" download=\"AUDIO%20-%20NILDA%20GOMEZ%2010%2012.mp3\">Descargar<\/a><\/p>","protected":false},"excerpt":{"rendered":"<p>A 20 a\u00f1os de Croma\u00f1\u00f3n peligra el sostenimiento de la Ley 4.786 de reparaci\u00f3n integral que actualmente otorga subsidio a familiares y sobrevivientes de v\u00edctimas fatales de la masacre de Croma\u00f1\u00f3n. La norma peligra porque se actualiza cada cierta cantidad de a\u00f1os, por lo que a fines de este 2024 tocaba su actualizaci\u00f3n pero sobrevivientes [&hellip;]<\/p>\n","protected":false},"author":1,"featured_media":6940,"comment_status":"open","ping_status":"open","sticky":false,"template":"","format":"standard","meta":{"footnotes":""},"categories":[1],"tags":[],"class_list":["post-6939","post","type-post","status-publish","format-standard","has-post-thumbnail","hentry","category-blog"],"_links":{"self":[{"href":"https:\/\/fmtinkunaco.ar\/index.php?rest_route=\/wp\/v2\/posts\/6939","targetHints":{"allow":["GET"]}}],"collection":[{"href":"https:\/\/fmtinkunaco.ar\/index.php?rest_route=\/wp\/v2\/posts"}],"about":[{"href":"https:\/\/fmtinkunaco.ar\/index.php?rest_route=\/wp\/v2\/types\/post"}],"author":[{"embeddable":true,"href":"https:\/\/fmtinkunaco.ar\/index.php?rest_route=\/wp\/v2\/users\/1"}],"replies":[{"embeddable":true,"href":"https:\/\/fmtinkunaco.ar\/index.php?rest_route=%2Fwp%2Fv2%2Fcomments&post=6939"}],"version-history":[{"count":2,"href":"https:\/\/fmtinkunaco.ar\/index.php?rest_route=\/wp\/v2\/posts\/6939\/revisions"}],"predecessor-version":[{"id":6942,"href":"https:\/\/fmtinkunaco.ar\/index.php?rest_route=\/wp\/v2\/posts\/6939\/revisions\/6942"}],"wp:featuredmedia":[{"embeddable":true,"href":"https:\/\/fmtinkunaco.ar\/index.php?rest_route=\/wp\/v2\/media\/6940"}],"wp:attachment":[{"href":"https:\/\/fmtinkunaco.ar\/index.php?rest_route=%2Fwp%2Fv2%2Fmedia&parent=6939"}],"wp:term":[{"taxonomy":"category","embeddable":true,"href":"https:\/\/fmtinkunaco.ar\/index.php?rest_route=%2Fwp%2Fv2%2Fcategories&post=6939"},{"taxonomy":"post_tag","embeddable":true,"href":"https:\/\/fmtinkunaco.ar\/index.php?rest_route=%2Fwp%2Fv2%2Ftags&post=6939"}],"curies":[{"name":"wp","href":"https:\/\/api.w.org\/{rel}","templated":true}]}}