{"id":6943,"date":"2024-12-12T09:00:24","date_gmt":"2024-12-12T12:00:24","guid":{"rendered":"https:\/\/fmtinkunaco.ar\/?p=6943"},"modified":"2024-12-12T09:00:24","modified_gmt":"2024-12-12T12:00:24","slug":"argentina-humana-busca-voluntarios-para-la-cena-navidena","status":"publish","type":"post","link":"https:\/\/fmtinkunaco.ar\/?p=6943","title":{"rendered":"Argentina Humana busca voluntarios para la cena navide\u00f1a"},"content":{"rendered":"\n<p>Por tercer a\u00f1o consecutivo Argentina Humana celebra la navidad en diferentes localidades del pa\u00eds compartiendo una cena con personas en situaci\u00f3n de calle.<\/p>\n\n\n\n<p>La localidad de San Fernando se suma a esta iniciativa y celebrar\u00e1n la Navidad el mi\u00e9rcoles 25\/12 a partir de las 18 hs y desde la organizaci\u00f3n invitan a participar como voluntario o ayudando con comida, juguetes o mediante un alias.<\/p>\n\n\n\n<p>Gabriela Quinteros, es referente de Argentina Humana y de la jornada y se refiri\u00f3 a esta iniciativa colectiva \u201cHace tres a\u00f1os que armamos la jornada Nadie sin navidad, y la idea es que las personas que est\u00e1n en situaci\u00f3n de calla puedan tener una navidad feliz, como tenemos todos, como todos nos merecemos entonces con las personas de las brigadas solidarias que se encargan de llevar desayuno y de ayudar a las personas en situaci\u00f3n de calle armamos estas jornadas. (\u2026) La idea es que puedan disfrutar a pesar de todo el contexto, de este gobierno de descarte, de destrucci\u00f3n, de miseria planificada y la idea es que se sumen voluntarios, que puedan venir a ayudar a la cena o tambi\u00e9n sumar juntando donaciones\u201d.<\/p>\n\n\n\n\n\n<p>Para sumarte como voluntario podes comunicarte al 15 5618 0383 (Juli), o acercar todo tipo de donaciones como golosinas, juguetes para las infancias, as\u00ed como tambi\u00e9n comida, pan dulce, turrones, garrapi\u00f1ada o lo que creas que puede sumar pero tambi\u00e9n podes donar a trav\u00e9s del alias NADIE.SIN.NAVIDAD<\/p>\n\n\n\n<p>La invitaci\u00f3n es en la localidad de San Fernando, en Plaza Mitre, ubicada en Constituci\u00f3n y Madero, el mi\u00e9rcoles 25\/12 a partir de las 18hs.<\/p>\n\n\n\n<p>Compartimos la entrevista completa<\/p>\n\n\n<p><iframe loading=\"lazy\" src=\"https:\/\/archive.org\/embed\/audio-gabriela-quinteros-argentina-humana-11-12\" width=\"500\" height=\"60\" frameborder=\"0\" webkitallowfullscreen=\"true\" mozallowfullscreen=\"true\" allowfullscreen><\/iframe><\/p>\n\n\n<p><a href=\"https:\/\/archive.org\/details\/audio-gabriela-quinteros-argentina-humana-11-12\" data-type=\"link\" data-id=\"https:\/\/archive.org\/details\/audio-gabriela-quinteros-argentina-humana-11-12\">Descargar<\/a><\/p>\n","protected":false},"excerpt":{"rendered":"<p>Por tercer a\u00f1o consecutivo Argentina Humana celebra la navidad en diferentes localidades del pa\u00eds compartiendo una cena con personas en situaci\u00f3n de calle. La localidad de San Fernando se suma a esta iniciativa y celebrar\u00e1n la Navidad el mi\u00e9rcoles 25\/12 a partir de las 18 hs y desde la organizaci\u00f3n invitan a participar como voluntario [&hellip;]<\/p>\n","protected":false},"author":1,"featured_media":6944,"comment_status":"open","ping_status":"open","sticky":false,"template":"","format":"standard","meta":{"footnotes":""},"categories":[1],"tags":[],"class_list":["post-6943","post","type-post","status-publish","format-standard","has-post-thumbnail","hentry","category-blog"],"_links":{"self":[{"href":"https:\/\/fmtinkunaco.ar\/index.php?rest_route=\/wp\/v2\/posts\/6943","targetHints":{"allow":["GET"]}}],"collection":[{"href":"https:\/\/fmtinkunaco.ar\/index.php?rest_route=\/wp\/v2\/posts"}],"about":[{"href":"https:\/\/fmtinkunaco.ar\/index.php?rest_route=\/wp\/v2\/types\/post"}],"author":[{"embeddable":true,"href":"https:\/\/fmtinkunaco.ar\/index.php?rest_route=\/wp\/v2\/users\/1"}],"replies":[{"embeddable":true,"href":"https:\/\/fmtinkunaco.ar\/index.php?rest_route=%2Fwp%2Fv2%2Fcomments&post=6943"}],"version-history":[{"count":1,"href":"https:\/\/fmtinkunaco.ar\/index.php?rest_route=\/wp\/v2\/posts\/6943\/revisions"}],"predecessor-version":[{"id":6945,"href":"https:\/\/fmtinkunaco.ar\/index.php?rest_route=\/wp\/v2\/posts\/6943\/revisions\/6945"}],"wp:featuredmedia":[{"embeddable":true,"href":"https:\/\/fmtinkunaco.ar\/index.php?rest_route=\/wp\/v2\/media\/6944"}],"wp:attachment":[{"href":"https:\/\/fmtinkunaco.ar\/index.php?rest_route=%2Fwp%2Fv2%2Fmedia&parent=6943"}],"wp:term":[{"taxonomy":"category","embeddable":true,"href":"https:\/\/fmtinkunaco.ar\/index.php?rest_route=%2Fwp%2Fv2%2Fcategories&post=6943"},{"taxonomy":"post_tag","embeddable":true,"href":"https:\/\/fmtinkunaco.ar\/index.php?rest_route=%2Fwp%2Fv2%2Ftags&post=6943"}],"curies":[{"name":"wp","href":"https:\/\/api.w.org\/{rel}","templated":true}]}}